{"id":652,"date":"2017-08-08T07:36:50","date_gmt":"2017-08-08T07:36:50","guid":{"rendered":"http:\/\/psicologiacolmenar.es\/psicologo\/?p=652"},"modified":"2018-11-13T16:26:06","modified_gmt":"2018-11-13T16:26:06","slug":"trastornos-de-sueno","status":"publish","type":"post","link":"https:\/\/www.psicologiacolmenar.es\/psicologo\/trastornos-de-sueno\/","title":{"rendered":"Trastornos de sue\u00f1o"},"content":{"rendered":"<p>Trastornos de sue\u00f1o. La cantidad necesaria de sue\u00f1o en el ser humano depende de factores biol\u00f3gicos, conductuales y ambientales, la forma en que actuan estos factores var\u00eda considerablemente de unas personas a otras.<\/p>\n<p>Son varios los trastornos del sue\u00f1o: disomnias (trastornos de iniciaci\u00f3n y mantenimiento del sue\u00f1o), trastornos de somnolencia excesiva, trastornos relacionados con el<a href=\"https:\/\/www.nigms.nih.gov\/education\/Pages\/los-ritmos-circadianos.aspx\" target=\"_blank\" rel=\"noopener\"> ritmo circardiano<\/a>, las parasomnias (trastornos del despertar, de la asociaci\u00f3n sue\u00f1o-vigilia), trastornos relacionados con alteraciones m\u00e9dicas, etc.<\/p>\n<h2><strong>TRASTORNOS DE SUE\u00d1O:<\/strong><\/h2>\n<h2>INSOMNIO<\/h2>\n<p>Es un trastorno caracterizado por la reducci\u00f3n de la capacidad de dormir como consecuencia de factores psicol\u00f3gicos, biologicos y\/o ambientales, puede ser transitorio o cr\u00f3nico.<\/p>\n<h2><em>\u00a0<\/em>APNEA DE SUE\u00d1O<\/h2>\n<p>El s\u00edndrome de apnea de sue\u00f1o es una alteraci\u00f3n de la respiraci\u00f3n, carecterizada por una interrupci\u00f3n repetitiva y de duraci\u00f3n de m\u00e1s de 10 segundos del flujo a\u00e9reo nasobual, que aparece durante el sue\u00f1o y que est\u00e1 provocado por una obstrucci\u00f3n de las v\u00edas \u00e1ereas superiores.<\/p>\n<h2>NARCOLEPSIA<\/h2>\n<p>El s\u00edndrome de <a href=\"https:\/\/medlineplus.gov\/spanish\/ency\/article\/000802.htm\" target=\"_blank\" rel=\"noopener\">narcolesia<\/a> est\u00e1 caracterizado por cuatro s\u00edntomas que son: somnolencia diurna excesiva, cataplexia, par\u00e1lisis del sue\u00f1o y alucinaciones hipnag\u00f3gicas.<\/p>\n<p>La somnolencia da lugar a per\u00edodos cortos de sue\u00f1o diurno que se producen en momentos inapropiados con una duraci\u00f3n de 10 a 15 minutos. La cataplexia consiste en una disminuci\u00f3n o p\u00e9rdida repentina del tono muscular, permaneciendo la persona totalmente consciente, est\u00e1 desencadenada generalmente por emociones intensas (risa, llanto, ira).<\/p>\n<p>La par\u00e1lisis del sue\u00f1o tiene lugar al quedarse dormido el paciente o al despertar, la persona experimenta la sensaci\u00f3n de no poder mover ning\u00fan m\u00fasculo, la duraci\u00f3n es variable y finaliza con un movimiento vigoroso de los ojos o al ser tocado.<\/p>\n<p>Por \u00faltimo algunos pacientes, cuando est\u00e1n medio dormidos, experimentan alucinaciones visuales o auditivas, v\u00edvidas y terror\u00edficas, que normalmente coinciden con las par\u00e1lisis del sue\u00f1o.<\/p>\n<h2><a href=\"http:\/\/www.sindromekleinelevin.org\/pagina-ejemplo\/\" target=\"_blank\" rel=\"noopener\">SINDROME DE KLEINE-LEVIN<\/a><\/h2>\n<p>Se caracteriza por una somnolencia diurna excesiva que puede durar varias semana, en estos periodos de somnolencia la persona puede dormir m\u00e1s de veinte horas diarias. Otros s\u00edntomas caracter\u00edsticos suelen ser excesiva hambre y sed, inestabilidad, irritaci\u00f3n, hostilidad, dificultad de pensamiento, trastornos de memoria, frases incoherentes, alucinaciones, etc.<\/p>\n<h2><a href=\"http:\/\/www.saludymedicinas.com.mx\/centros-de-salud\/insomnio\/articulos-relacionados\/sindrome-de-pickwick-somnolencia-por-sobrepeso.html\" target=\"_blank\" rel=\"noopener\">SINDROME DE PICKWICK<\/a><\/h2>\n<p>Los s\u00edntomas caracter\u00edsticos son la obesidad, la somnolencia, la hipoventilaci\u00f3n y la eritrocitosis (aumento de la producci\u00f3n de gl\u00f3bulos rojos).<\/p>\n<p>Los trastornos de sue\u00f1o pueden limitar nuestro funcionamiento cotidiano y provocar alteraciones emocionales, los f\u00e1rmacos no son siempre la mejor alternativa, a veces es conveniente <a href=\"https:\/\/psicologiacolmenar.es\/psicologo\/\">consultar con un profesional<\/a>.<\/p>\n<p><a href=\"https:\/\/psicologiacolmenar.es\/psicologo\/psicologo-colmenar-viejo\/\" target=\"_blank\" rel=\"noopener\">J. Miguel San Mart\u00edn<\/a>. Psic\u00f3logo sanitario<\/p>\n<p>&nbsp;<\/p>\n","protected":false},"excerpt":{"rendered":"<p>Trastornos de sue\u00f1o. La cantidad necesaria de sue\u00f1o en el ser humano depende de factores biol\u00f3gicos, conductuales y ambientales, la forma en que actuan estos factores var\u00eda considerablemente de unas personas a otras. Son varios los trastornos del sue\u00f1o: disomnias (trastornos de iniciaci\u00f3n y mantenimiento del sue\u00f1o), trastornos de somnolencia excesiva, trastornos relacionados con el [&hellip;]<\/p>\n","protected":false},"author":2,"featured_media":653,"comment_status":"open","ping_status":"open","sticky":false,"template":"","format":"standard","meta":{"_et_pb_use_builder":"","_et_pb_old_content":"","_et_gb_content_width":"","footnotes":""},"categories":[1,310],"tags":[23,22,21,20,19],"class_list":["post-652","post","type-post","status-publish","format-standard","has-post-thumbnail","hentry","category-noticias","category-otros-trastornos","tag-apnea-de-sueno","tag-insomnio","tag-narcolepsia","tag-somnolencia","tag-trastornos-de-sueno"],"yoast_head":"<!-- This site is optimized with the Yoast SEO Premium plugin v19.2.1 (Yoast SEO v27.5) - https:\/\/yoast.com\/product\/yoast-seo-premium-wordpress\/ -->\n<title>Trastornos de sue\u00f1o - Psicologos en Colmenar Viejo Madrid<\/title>\n<meta name=\"description\" content=\"Trastornos de sue\u00f1o. La cantidad necesaria de sue\u00f1o en el ser humano depende de factores biol\u00f3gicos, conductuales y ambientales, la forma en que actuan..\" \/>\n<meta name=\"robots\" content=\"index, follow, max-snippet:-1, max-image-preview:large, max-video-preview:-1\" \/>\n<link rel=\"canonical\" href=\"https:\/\/www.psicologiacolmenar.es\/psicologo\/trastornos-de-sueno\/\" \/>\n<meta property=\"og:locale\" content=\"es_ES\" \/>\n<meta property=\"og:type\" content=\"article\" \/>\n<meta property=\"og:title\" content=\"Trastornos de sue\u00f1o\" \/>\n<meta property=\"og:description\" content=\"Trastornos de sue\u00f1o. La cantidad necesaria de sue\u00f1o en el ser humano depende de factores biol\u00f3gicos, conductuales y ambientales, la forma en que actuan\" \/>\n<meta property=\"og:url\" content=\"https:\/\/www.psicologiacolmenar.es\/psicologo\/trastornos-de-sueno\/\" \/>\n<meta property=\"og:site_name\" content=\"Psicologos en Colmenar Viejo Madrid\" \/>\n<meta property=\"article:publisher\" content=\"https:\/\/www.facebook.com\/psicologocolmenar\/\" \/>\n<meta property=\"article:published_time\" content=\"2017-08-08T07:36:50+00:00\" \/>\n<meta property=\"article:modified_time\" content=\"2018-11-13T16:26:06+00:00\" \/>\n<meta property=\"og:image\" content=\"https:\/\/www.psicologiacolmenar.es\/psicologo\/wp-content\/uploads\/2017\/08\/trastornos-sue\u00f1o.jpg\" \/>\n\t<meta property=\"og:image:width\" content=\"870\" \/>\n\t<meta property=\"og:image:height\" content=\"435\" \/>\n\t<meta property=\"og:image:type\" content=\"image\/jpeg\" \/>\n<meta name=\"author\" content=\"Psicologo Colmenar Viejo\" \/>\n<meta name=\"twitter:card\" content=\"summary_large_image\" \/>\n<meta name=\"twitter:creator\" content=\"@jmsanmartinps1\" \/>\n<meta name=\"twitter:site\" content=\"@jmsanmartinps1\" \/>\n<meta name=\"twitter:label1\" content=\"Escrito por\" \/>\n\t<meta name=\"twitter:data1\" content=\"Psicologo Colmenar Viejo\" \/>\n\t<meta name=\"twitter:label2\" content=\"Tiempo de lectura\" \/>\n\t<meta name=\"twitter:data2\" content=\"2 minutos\" \/>\n<script type=\"application\/ld+json\" class=\"yoast-schema-graph\">{\"@context\":\"https:\\\/\\\/schema.org\",\"@graph\":[{\"@type\":\"Article\",\"@id\":\"https:\\\/\\\/www.psicologiacolmenar.es\\\/psicologo\\\/trastornos-de-sueno\\\/#article\",\"isPartOf\":{\"@id\":\"https:\\\/\\\/www.psicologiacolmenar.es\\\/psicologo\\\/trastornos-de-sueno\\\/\"},\"author\":{\"name\":\"Psicologo Colmenar Viejo\",\"@id\":\"https:\\\/\\\/www.psicologiacolmenar.es\\\/psicologo\\\/#\\\/schema\\\/person\\\/c14b55b6ab94baa638c4e455b0f5efcd\"},\"headline\":\"Trastornos de sue\u00f1o\",\"datePublished\":\"2017-08-08T07:36:50+00:00\",\"dateModified\":\"2018-11-13T16:26:06+00:00\",\"mainEntityOfPage\":{\"@id\":\"https:\\\/\\\/www.psicologiacolmenar.es\\\/psicologo\\\/trastornos-de-sueno\\\/\"},\"wordCount\":460,\"commentCount\":0,\"image\":{\"@id\":\"https:\\\/\\\/www.psicologiacolmenar.es\\\/psicologo\\\/trastornos-de-sueno\\\/#primaryimage\"},\"thumbnailUrl\":\"https:\\\/\\\/www.psicologiacolmenar.es\\\/psicologo\\\/wp-content\\\/uploads\\\/2017\\\/08\\\/trastornos-sue\u00f1o.jpg\",\"keywords\":[\"apnea de sue\u00f1o\",\"insomnio\",\"narcolepsia\",\"somnolencia\",\"trastornos de sue\u00f1o\"],\"articleSection\":[\"Noticias\",\"OTROS TRASTORNOS\"],\"inLanguage\":\"es\",\"potentialAction\":[{\"@type\":\"CommentAction\",\"name\":\"Comment\",\"target\":[\"https:\\\/\\\/www.psicologiacolmenar.es\\\/psicologo\\\/trastornos-de-sueno\\\/#respond\"]}]},{\"@type\":\"WebPage\",\"@id\":\"https:\\\/\\\/www.psicologiacolmenar.es\\\/psicologo\\\/trastornos-de-sueno\\\/\",\"url\":\"https:\\\/\\\/www.psicologiacolmenar.es\\\/psicologo\\\/trastornos-de-sueno\\\/\",\"name\":\"Trastornos de sue\u00f1o - Psicologos en Colmenar Viejo Madrid\",\"isPartOf\":{\"@id\":\"https:\\\/\\\/www.psicologiacolmenar.es\\\/psicologo\\\/#website\"},\"primaryImageOfPage\":{\"@id\":\"https:\\\/\\\/www.psicologiacolmenar.es\\\/psicologo\\\/trastornos-de-sueno\\\/#primaryimage\"},\"image\":{\"@id\":\"https:\\\/\\\/www.psicologiacolmenar.es\\\/psicologo\\\/trastornos-de-sueno\\\/#primaryimage\"},\"thumbnailUrl\":\"https:\\\/\\\/www.psicologiacolmenar.es\\\/psicologo\\\/wp-content\\\/uploads\\\/2017\\\/08\\\/trastornos-sue\u00f1o.jpg\",\"datePublished\":\"2017-08-08T07:36:50+00:00\",\"dateModified\":\"2018-11-13T16:26:06+00:00\",\"author\":{\"@id\":\"https:\\\/\\\/www.psicologiacolmenar.es\\\/psicologo\\\/#\\\/schema\\\/person\\\/c14b55b6ab94baa638c4e455b0f5efcd\"},\"description\":\"Trastornos de sue\u00f1o. La cantidad necesaria de sue\u00f1o en el ser humano depende de factores biol\u00f3gicos, conductuales y ambientales, la forma en que actuan..\",\"breadcrumb\":{\"@id\":\"https:\\\/\\\/www.psicologiacolmenar.es\\\/psicologo\\\/trastornos-de-sueno\\\/#breadcrumb\"},\"inLanguage\":\"es\",\"potentialAction\":[{\"@type\":\"ReadAction\",\"target\":[\"https:\\\/\\\/www.psicologiacolmenar.es\\\/psicologo\\\/trastornos-de-sueno\\\/\"]}]},{\"@type\":\"ImageObject\",\"inLanguage\":\"es\",\"@id\":\"https:\\\/\\\/www.psicologiacolmenar.es\\\/psicologo\\\/trastornos-de-sueno\\\/#primaryimage\",\"url\":\"https:\\\/\\\/www.psicologiacolmenar.es\\\/psicologo\\\/wp-content\\\/uploads\\\/2017\\\/08\\\/trastornos-sue\u00f1o.jpg\",\"contentUrl\":\"https:\\\/\\\/www.psicologiacolmenar.es\\\/psicologo\\\/wp-content\\\/uploads\\\/2017\\\/08\\\/trastornos-sue\u00f1o.jpg\",\"width\":870,\"height\":435,\"caption\":\"insomnio\"},{\"@type\":\"BreadcrumbList\",\"@id\":\"https:\\\/\\\/www.psicologiacolmenar.es\\\/psicologo\\\/trastornos-de-sueno\\\/#breadcrumb\",\"itemListElement\":[{\"@type\":\"ListItem\",\"position\":1,\"name\":\"Portada\",\"item\":\"https:\\\/\\\/www.psicologiacolmenar.es\\\/psicologo\\\/\"},{\"@type\":\"ListItem\",\"position\":2,\"name\":\"Trastornos de sue\u00f1o\"}]},{\"@type\":\"WebSite\",\"@id\":\"https:\\\/\\\/www.psicologiacolmenar.es\\\/psicologo\\\/#website\",\"url\":\"https:\\\/\\\/www.psicologiacolmenar.es\\\/psicologo\\\/\",\"name\":\"Psicologos en Colmenar Viejo Madrid\",\"description\":\"Gabinete de psicologos y Centro de psicolog\u00eda en Colmenar Viejo\",\"potentialAction\":[{\"@type\":\"SearchAction\",\"target\":{\"@type\":\"EntryPoint\",\"urlTemplate\":\"https:\\\/\\\/www.psicologiacolmenar.es\\\/psicologo\\\/?s={search_term_string}\"},\"query-input\":{\"@type\":\"PropertyValueSpecification\",\"valueRequired\":true,\"valueName\":\"search_term_string\"}}],\"inLanguage\":\"es\"},{\"@type\":\"Person\",\"@id\":\"https:\\\/\\\/www.psicologiacolmenar.es\\\/psicologo\\\/#\\\/schema\\\/person\\\/c14b55b6ab94baa638c4e455b0f5efcd\",\"name\":\"Psicologo Colmenar Viejo\",\"url\":\"https:\\\/\\\/www.psicologiacolmenar.es\\\/psicologo\\\/author\\\/psicologo-colmenar-viejo\\\/\"}]}<\/script>\n<!-- \/ Yoast SEO Premium plugin. -->","yoast_head_json":{"title":"Trastornos de sue\u00f1o - Psicologos en Colmenar Viejo Madrid","description":"Trastornos de sue\u00f1o. La cantidad necesaria de sue\u00f1o en el ser humano depende de factores biol\u00f3gicos, conductuales y ambientales, la forma en que actuan..","robots":{"index":"index","follow":"follow","max-snippet":"max-snippet:-1","max-image-preview":"max-image-preview:large","max-video-preview":"max-video-preview:-1"},"canonical":"https:\/\/www.psicologiacolmenar.es\/psicologo\/trastornos-de-sueno\/","og_locale":"es_ES","og_type":"article","og_title":"Trastornos de sue\u00f1o","og_description":"Trastornos de sue\u00f1o. La cantidad necesaria de sue\u00f1o en el ser humano depende de factores biol\u00f3gicos, conductuales y ambientales, la forma en que actuan","og_url":"https:\/\/www.psicologiacolmenar.es\/psicologo\/trastornos-de-sueno\/","og_site_name":"Psicologos en Colmenar Viejo Madrid","article_publisher":"https:\/\/www.facebook.com\/psicologocolmenar\/","article_published_time":"2017-08-08T07:36:50+00:00","article_modified_time":"2018-11-13T16:26:06+00:00","og_image":[{"width":870,"height":435,"url":"https:\/\/www.psicologiacolmenar.es\/psicologo\/wp-content\/uploads\/2017\/08\/trastornos-sue\u00f1o.jpg","type":"image\/jpeg"}],"author":"Psicologo Colmenar Viejo","twitter_card":"summary_large_image","twitter_creator":"@jmsanmartinps1","twitter_site":"@jmsanmartinps1","twitter_misc":{"Escrito por":"Psicologo Colmenar Viejo","Tiempo de lectura":"2 minutos"},"schema":{"@context":"https:\/\/schema.org","@graph":[{"@type":"Article","@id":"https:\/\/www.psicologiacolmenar.es\/psicologo\/trastornos-de-sueno\/#article","isPartOf":{"@id":"https:\/\/www.psicologiacolmenar.es\/psicologo\/trastornos-de-sueno\/"},"author":{"name":"Psicologo Colmenar Viejo","@id":"https:\/\/www.psicologiacolmenar.es\/psicologo\/#\/schema\/person\/c14b55b6ab94baa638c4e455b0f5efcd"},"headline":"Trastornos de sue\u00f1o","datePublished":"2017-08-08T07:36:50+00:00","dateModified":"2018-11-13T16:26:06+00:00","mainEntityOfPage":{"@id":"https:\/\/www.psicologiacolmenar.es\/psicologo\/trastornos-de-sueno\/"},"wordCount":460,"commentCount":0,"image":{"@id":"https:\/\/www.psicologiacolmenar.es\/psicologo\/trastornos-de-sueno\/#primaryimage"},"thumbnailUrl":"https:\/\/www.psicologiacolmenar.es\/psicologo\/wp-content\/uploads\/2017\/08\/trastornos-sue\u00f1o.jpg","keywords":["apnea de sue\u00f1o","insomnio","narcolepsia","somnolencia","trastornos de sue\u00f1o"],"articleSection":["Noticias","OTROS TRASTORNOS"],"inLanguage":"es","potentialAction":[{"@type":"CommentAction","name":"Comment","target":["https:\/\/www.psicologiacolmenar.es\/psicologo\/trastornos-de-sueno\/#respond"]}]},{"@type":"WebPage","@id":"https:\/\/www.psicologiacolmenar.es\/psicologo\/trastornos-de-sueno\/","url":"https:\/\/www.psicologiacolmenar.es\/psicologo\/trastornos-de-sueno\/","name":"Trastornos de sue\u00f1o - Psicologos en Colmenar Viejo Madrid","isPartOf":{"@id":"https:\/\/www.psicologiacolmenar.es\/psicologo\/#website"},"primaryImageOfPage":{"@id":"https:\/\/www.psicologiacolmenar.es\/psicologo\/trastornos-de-sueno\/#primaryimage"},"image":{"@id":"https:\/\/www.psicologiacolmenar.es\/psicologo\/trastornos-de-sueno\/#primaryimage"},"thumbnailUrl":"https:\/\/www.psicologiacolmenar.es\/psicologo\/wp-content\/uploads\/2017\/08\/trastornos-sue\u00f1o.jpg","datePublished":"2017-08-08T07:36:50+00:00","dateModified":"2018-11-13T16:26:06+00:00","author":{"@id":"https:\/\/www.psicologiacolmenar.es\/psicologo\/#\/schema\/person\/c14b55b6ab94baa638c4e455b0f5efcd"},"description":"Trastornos de sue\u00f1o. La cantidad necesaria de sue\u00f1o en el ser humano depende de factores biol\u00f3gicos, conductuales y ambientales, la forma en que actuan..","breadcrumb":{"@id":"https:\/\/www.psicologiacolmenar.es\/psicologo\/trastornos-de-sueno\/#breadcrumb"},"inLanguage":"es","potentialAction":[{"@type":"ReadAction","target":["https:\/\/www.psicologiacolmenar.es\/psicologo\/trastornos-de-sueno\/"]}]},{"@type":"ImageObject","inLanguage":"es","@id":"https:\/\/www.psicologiacolmenar.es\/psicologo\/trastornos-de-sueno\/#primaryimage","url":"https:\/\/www.psicologiacolmenar.es\/psicologo\/wp-content\/uploads\/2017\/08\/trastornos-sue\u00f1o.jpg","contentUrl":"https:\/\/www.psicologiacolmenar.es\/psicologo\/wp-content\/uploads\/2017\/08\/trastornos-sue\u00f1o.jpg","width":870,"height":435,"caption":"insomnio"},{"@type":"BreadcrumbList","@id":"https:\/\/www.psicologiacolmenar.es\/psicologo\/trastornos-de-sueno\/#breadcrumb","itemListElement":[{"@type":"ListItem","position":1,"name":"Portada","item":"https:\/\/www.psicologiacolmenar.es\/psicologo\/"},{"@type":"ListItem","position":2,"name":"Trastornos de sue\u00f1o"}]},{"@type":"WebSite","@id":"https:\/\/www.psicologiacolmenar.es\/psicologo\/#website","url":"https:\/\/www.psicologiacolmenar.es\/psicologo\/","name":"Psicologos en Colmenar Viejo Madrid","description":"Gabinete de psicologos y Centro de psicolog\u00eda en Colmenar Viejo","potentialAction":[{"@type":"SearchAction","target":{"@type":"EntryPoint","urlTemplate":"https:\/\/www.psicologiacolmenar.es\/psicologo\/?s={search_term_string}"},"query-input":{"@type":"PropertyValueSpecification","valueRequired":true,"valueName":"search_term_string"}}],"inLanguage":"es"},{"@type":"Person","@id":"https:\/\/www.psicologiacolmenar.es\/psicologo\/#\/schema\/person\/c14b55b6ab94baa638c4e455b0f5efcd","name":"Psicologo Colmenar Viejo","url":"https:\/\/www.psicologiacolmenar.es\/psicologo\/author\/psicologo-colmenar-viejo\/"}]}},"_links":{"self":[{"href":"https:\/\/www.psicologiacolmenar.es\/psicologo\/wp-json\/wp\/v2\/posts\/652","targetHints":{"allow":["GET"]}}],"collection":[{"href":"https:\/\/www.psicologiacolmenar.es\/psicologo\/wp-json\/wp\/v2\/posts"}],"about":[{"href":"https:\/\/www.psicologiacolmenar.es\/psicologo\/wp-json\/wp\/v2\/types\/post"}],"author":[{"embeddable":true,"href":"https:\/\/www.psicologiacolmenar.es\/psicologo\/wp-json\/wp\/v2\/users\/2"}],"replies":[{"embeddable":true,"href":"https:\/\/www.psicologiacolmenar.es\/psicologo\/wp-json\/wp\/v2\/comments?post=652"}],"version-history":[{"count":5,"href":"https:\/\/www.psicologiacolmenar.es\/psicologo\/wp-json\/wp\/v2\/posts\/652\/revisions"}],"predecessor-version":[{"id":1059,"href":"https:\/\/www.psicologiacolmenar.es\/psicologo\/wp-json\/wp\/v2\/posts\/652\/revisions\/1059"}],"wp:featuredmedia":[{"embeddable":true,"href":"https:\/\/www.psicologiacolmenar.es\/psicologo\/wp-json\/wp\/v2\/media\/653"}],"wp:attachment":[{"href":"https:\/\/www.psicologiacolmenar.es\/psicologo\/wp-json\/wp\/v2\/media?parent=652"}],"wp:term":[{"taxonomy":"category","embeddable":true,"href":"https:\/\/www.psicologiacolmenar.es\/psicologo\/wp-json\/wp\/v2\/categories?post=652"},{"taxonomy":"post_tag","embeddable":true,"href":"https:\/\/www.psicologiacolmenar.es\/psicologo\/wp-json\/wp\/v2\/tags?post=652"}],"curies":[{"name":"wp","href":"https:\/\/api.w.org\/{rel}","templated":true}]}}