{"id":707,"date":"2017-08-28T17:25:13","date_gmt":"2017-08-28T17:25:13","guid":{"rendered":"http:\/\/psicologiacolmenar.es\/psicologo\/?p=707"},"modified":"2018-10-30T17:58:34","modified_gmt":"2018-10-30T17:58:34","slug":"violencia-de-genero-senales-de-alarma","status":"publish","type":"post","link":"https:\/\/www.psicologiacolmenar.es\/psicologo\/violencia-de-genero-senales-de-alarma\/","title":{"rendered":"<h2>Violencia de g\u00e9nero<\/h2> <h4>Se\u00f1ales de alarma<\/h4>"},"content":{"rendered":"<p>La <strong>violencia de g\u00e9nero<\/strong> es una lacra de nuestra sociedad que merece la repulsa de todos. Una gran lucha a la que nos tenemos que enfrentar a diario y supone un esfuerzo para los cuerpos de seguridad del estado y de la propia administraci\u00f3n para disminuir su incidencia.<\/p>\n<p>La violencia de g\u00e9nero se va forjando generaci\u00f3n tras generaci\u00f3n en cada individuo mientras crece y se inserta en la sociedad.<\/p>\n<h2><strong>\u00bfPor qu\u00e9 se produce?<\/strong><\/h2>\n<p><a href=\"https:\/\/psicologiaymente.net\/desarrollo\/aprendizaje-vicario\" target=\"_blank\" rel=\"noopener\">Aprendizajes vicarios<\/a> a trav\u00e9s de modelos de conducta, medios de comunicaci\u00f3n y sobre todo por la reacci\u00f3n de los \u201cespectadores\u201d, hacen que un individuo, hombre o mujer vaya adquiriendo patrones de conducta que formar\u00e1n parte de su repertorio conductual, forjando perfiles de v\u00edctimas y maltratadores de violencia de g\u00e9nero sino se hace nada al respecto.<\/p>\n<p>Los <a href=\"https:\/\/es.wikipedia.org\/wiki\/Estereotipo_de_g%C3%A9nero\" target=\"_blank\" rel=\"noopener\">estereotipos de g\u00e9nero<\/a> son los que se encuentran en la base de este tipo de violencia, seg\u00fan los estudios, a pesar de que damos por hecho que ya pertenecen al pasado.<\/p>\n<p>Unos hombres pueden estar perfectamente concienciados de la gravedad y de las consecuencias de la violencia de g\u00e9nero, pero tambi\u00e9n pueden estar en el gimnasio con una mujer, mientras uno de ellos la increpa con frases que rozan la groser\u00eda, mientras los dem\u00e1s r\u00eden, eso tambi\u00e9n es violencia de g\u00e9nero.<\/p>\n<p>Quiz\u00e1s existe un punto de inflexi\u00f3n, que es la etapa de la vida donde comienzan las relaciones de pareja. En\u00a0 los j\u00f3venes y adolescentes que inician sus relaciones y se implantan interacciones que pueden conducir a perfiles de v\u00edctimas y maltratadores potenciales.<\/p>\n<p>Los estudios actuales nos hacen ver que el sector de poblaci\u00f3n m\u00e1s afectado por la violencia machista es el adolescente. Seg\u00fan la macro encuesta espa\u00f1ola de violencia contra la mujer del a\u00f1o 2015, un 21% de las mujeres menores de 25 a\u00f1os que han tenido pareja ha sido v\u00edctima de violencia de g\u00e9nero.<\/p>\n<h2><strong>Se\u00f1ales de alarma<\/strong><\/h2>\n<p>Revisar el m\u00f3vil, imponer amistades, insistir en mantener relaciones sexuales e incluso insultar o agredir aparecen como las situaciones intimidatorias m\u00e1s habituales.<\/p>\n<p>El principal problema que existe en la violencia en parejas adolescentes radica en el hecho de que las agresiones tienen lugar en edades muy tempranas. En muchos casos, esta violencia se desencadena ya desde la primera relaci\u00f3n de pareja, lo que supone que la v\u00edctima no cuenta con experiencia e informaci\u00f3n para valorar adecuadamente la situaci\u00f3n que vive y, por tanto, no puede darse cuenta de lo que est\u00e1 ocurriendo y cu\u00e1les ser\u00e1n sus consecuencias<\/p>\n<p>Existen unas se\u00f1ales de alarma, sobre las que hay que actuar para evitar que se instauren patrones de conducta que guiar\u00e1n futuras interacciones y relaciones de esas personas a lo largo de sus vidas.<\/p>\n<p>Con frecuencia nos encontramos con hombres que sus relaciones son con mujeres que les aguantan todo tipo de control y amenazas, d\u00e9spotas, sin ning\u00fan respeto por los intereses o necesidades de su pareja. A su vez, tambi\u00e9n mujeres que sus relaciones son con hombres que las controlan, no las respetan, utilizan las amenazas y la violencia para imponer su voluntad.<\/p>\n<p>\u00bfSera mala suerte, o ser\u00e1n patrones de conducta aprendidos y los estereotipos de g\u00e9nero, la causa de que estas personas busquen perfiles de pareja determinados en sus relaciones?<\/p>\n<p>Pero, \u00bfcu\u00e1les son las se\u00f1ales de alarma? En su mayor\u00eda sutiles y disfrazadas de pruebas de amor, intentemos contestar a estas preguntas en relaci\u00f3n a nuestra pareja:<\/p>\n<p>\u00bfControla el dinero que gastas?, \u00bfte dice c\u00f3mo tienes que vestirte?, \u00bfse enfada si inviertes m\u00e1s tiempo en tus amistades o familiares del que considera necesario?,\u00a0\u00bfmantienes relaciones sexuales aunque no te apetezcan porque si no, se enfada?, \u00bfcontrola tu m\u00f3vil y tus\u00a0redes sociales?, \u00bftienes que informarle de tus horarios?, \u00bfle quita importancia a tus logros personales o profesionales?, \u00bforganiza tu tiempo libre? \u00bfsientes que en los ratos de ocio tienes que consultarle en que invertir tu tiempo?, \u00bfcuando tienes alg\u00fan problema lo minimiza con comentarios del tipo: <em>eso no es nada, te quejas de vicio<\/em>, etc.?, \u00bfcu\u00e1ndo discutes, en la mayor\u00eda de las ocasiones cedes t\u00fa, aun teniendo la raz\u00f3n porque podr\u00eda pasarse d\u00edas sin hablarte y haci\u00e9ndote el vac\u00edo?, \u00bfsi tiene un problema fuera del \u00e1mbito de la pareja, te hace sentir responsable de ello?, \u00bfte hace sentir que no sabr\u00edas seguir adelante si no estuvieras a su lado?, si est\u00e1is en p\u00fablico, \u00bftemes decir lo que opinas por si por si se enfada?, \u00bfusa el\u00a0 chantaje emocional a menudo para lograr sus objetivos?, \u00bfte recuerda una y mil veces los errores que has cometido?, \u00bfhas dejado de contar tus problemas de pareja a tu entorno porque sabes que si se enterase se enfadar\u00eda?, \u00bftemes como decirle algunas cosas porque sabes que su reacci\u00f3n puede ser desproporcionada?, \u00bfte sientes inc\u00f3modo\/a si te mira alguien del sexo opuesto por si acaso tu pareja se diera cuenta y pudiera ser motivo de otra discusi\u00f3n?, \u00bfsientes que necesitas su aprobaci\u00f3n en cada cosa que haces, o incluso piensas?, \u00bfla manera en la que se dirige a ti ha cambiado transform\u00e1ndose en imperativa?, \u00bfsientes que no puedes ser t\u00fa mismo\/a cuando est\u00e1s con tu pareja?, \u00bfte trata como si fuera tu padre\/madre en lugar de tu pareja?, \u00bflas decisiones importantes las toma sin tener en cuenta tu opini\u00f3n?, \u00bfte hace dudar de tus capacidades?, \u00bfsientes miedo?.<\/p>\n<p>Si tu respuesta es s\u00ed a alguna o algunas de estas preguntas, debes de actuar de inmediato y<a href=\"https:\/\/psicologiacolmenar.es\/psicologo\/\" target=\"_blank\" rel=\"noopener\"> solicitar ayuda.<\/a><\/p>\n<p>Las consecuencias del maltrato emocional y psicol\u00f3gicos son graves entre ellas est\u00e1: malestar f\u00edsico, baja autoestima, p\u00e9rdida de relaciones sociales llevando en muchas ocasiones al\u00a0aislamiento, estr\u00e9s, ansiedad, depresi\u00f3n, problemas de sue\u00f1o y alimentaci\u00f3n, adicci\u00f3nes, irritabilidad, descuido del aspecto f\u00edsico, apat\u00eda, sentimientos de impotencia, inseguridad, dependencia emocional, culpa, debilidad, etc.<\/p>\n<p>No debemos quedarnos impasibles frente a estas conductas y actuar, seamos los protagonistas o familiares y\/o amigos.<\/p>\n<p>Debemos solicitar ayuda profesional. \u00a0Y en caso de necesidad el gobierno ha puesto a disposici\u00f3n de los ciudadanos el tel\u00e9fono 016, gratuito, an\u00f3nimo, confidencial y no deja rastro en la factura telef\u00f3nica.<\/p>\n<p><a href=\"https:\/\/psicologiacolmenar.es\/psicologo\/psicologo-colmenar-viejo\/\" target=\"_blank\" rel=\"noopener\">J. Miguel San Mart\u00edn Rodr\u00edguez<\/a><\/p>\n<p>Psic\u00f3logo Sanitario<\/p>\n","protected":false},"excerpt":{"rendered":"<p>La violencia de g\u00e9nero es una lacra de nuestra sociedad que merece la repulsa de todos. Una gran lucha a la que nos tenemos que enfrentar a diario y supone un esfuerzo para los cuerpos de seguridad del estado y de la propia administraci\u00f3n para disminuir su incidencia. La violencia de g\u00e9nero se va forjando [&hellip;]<\/p>\n","protected":false},"author":2,"featured_media":708,"comment_status":"open","ping_status":"open","sticky":false,"template":"","format":"standard","meta":{"_et_pb_use_builder":"","_et_pb_old_content":"","_et_gb_content_width":"","footnotes":""},"categories":[309,308,304],"tags":[44,42,40,43,41,39],"class_list":["post-707","post","type-post","status-publish","format-standard","has-post-thumbnail","hentry","category-familia","category-infancia-y-adolescencia","category-pautas-y-consejos-practicos","tag-adolescentes","tag-agresor","tag-estereotipo-de-genero","tag-relaciones","tag-victima","tag-violencia-de-genero"],"yoast_head":"<!-- This site is optimized with the Yoast SEO Premium plugin v19.2.1 (Yoast SEO v27.5) - https:\/\/yoast.com\/product\/yoast-seo-premium-wordpress\/ -->\n<title>Violencia de g\u00e9nero - Psicologos en Colmenar Viejo Madrid<\/title>\n<meta name=\"description\" content=\"La violencia de g\u00e9nero es una lacra de nuestra sociedad que merece la repulsa de todos. Una gran lucha a la que nos tenemos que enfrentar a diario...\" \/>\n<meta name=\"robots\" content=\"index, follow, max-snippet:-1, max-image-preview:large, max-video-preview:-1\" \/>\n<link rel=\"canonical\" href=\"https:\/\/www.psicologiacolmenar.es\/psicologo\/violencia-de-genero-senales-de-alarma\/\" \/>\n<meta property=\"og:locale\" content=\"es_ES\" \/>\n<meta property=\"og:type\" content=\"article\" \/>\n<meta property=\"og:title\" content=\"Violencia de g\u00e9nero\" \/>\n<meta property=\"og:description\" content=\"La violencia de g\u00e9nero es una lacra de nuestra sociedad que merece la repulsa de todos. Una gran lucha a la que nos tenemos que enfrentar a diario y\" \/>\n<meta property=\"og:url\" content=\"https:\/\/www.psicologiacolmenar.es\/psicologo\/violencia-de-genero-senales-de-alarma\/\" \/>\n<meta property=\"og:site_name\" content=\"Psicologos en Colmenar Viejo Madrid\" \/>\n<meta property=\"article:publisher\" content=\"https:\/\/www.facebook.com\/psicologocolmenar\/\" \/>\n<meta property=\"article:published_time\" content=\"2017-08-28T17:25:13+00:00\" \/>\n<meta property=\"article:modified_time\" content=\"2018-10-30T17:58:34+00:00\" \/>\n<meta property=\"og:image\" content=\"https:\/\/www.psicologiacolmenar.es\/psicologo\/wp-content\/uploads\/2017\/08\/violencia-genero.jpg\" \/>\n\t<meta property=\"og:image:width\" content=\"1920\" \/>\n\t<meta property=\"og:image:height\" content=\"1280\" \/>\n\t<meta property=\"og:image:type\" content=\"image\/jpeg\" \/>\n<meta name=\"author\" content=\"Psicologo Colmenar Viejo\" \/>\n<meta name=\"twitter:card\" content=\"summary_large_image\" \/>\n<meta name=\"twitter:creator\" content=\"@jmsanmartinps1\" \/>\n<meta name=\"twitter:site\" content=\"@jmsanmartinps1\" \/>\n<meta name=\"twitter:label1\" content=\"Escrito por\" \/>\n\t<meta name=\"twitter:data1\" content=\"Psicologo Colmenar Viejo\" \/>\n\t<meta name=\"twitter:label2\" content=\"Tiempo de lectura\" \/>\n\t<meta name=\"twitter:data2\" content=\"5 minutos\" \/>\n<script type=\"application\/ld+json\" class=\"yoast-schema-graph\">{\"@context\":\"https:\\\/\\\/schema.org\",\"@graph\":[{\"@type\":\"Article\",\"@id\":\"https:\\\/\\\/www.psicologiacolmenar.es\\\/psicologo\\\/violencia-de-genero-senales-de-alarma\\\/#article\",\"isPartOf\":{\"@id\":\"https:\\\/\\\/www.psicologiacolmenar.es\\\/psicologo\\\/violencia-de-genero-senales-de-alarma\\\/\"},\"author\":{\"name\":\"Psicologo Colmenar Viejo\",\"@id\":\"https:\\\/\\\/www.psicologiacolmenar.es\\\/psicologo\\\/#\\\/schema\\\/person\\\/c14b55b6ab94baa638c4e455b0f5efcd\"},\"headline\":\"Violencia de g\u00e9nero Se\u00f1ales de alarma\",\"datePublished\":\"2017-08-28T17:25:13+00:00\",\"dateModified\":\"2018-10-30T17:58:34+00:00\",\"mainEntityOfPage\":{\"@id\":\"https:\\\/\\\/www.psicologiacolmenar.es\\\/psicologo\\\/violencia-de-genero-senales-de-alarma\\\/\"},\"wordCount\":1090,\"commentCount\":0,\"image\":{\"@id\":\"https:\\\/\\\/www.psicologiacolmenar.es\\\/psicologo\\\/violencia-de-genero-senales-de-alarma\\\/#primaryimage\"},\"thumbnailUrl\":\"https:\\\/\\\/www.psicologiacolmenar.es\\\/psicologo\\\/wp-content\\\/uploads\\\/2017\\\/08\\\/violencia-genero.jpg\",\"keywords\":[\"adolescentes\",\"agresor\",\"estereotipo de genero\",\"relaciones\",\"victima\",\"violencia de genero\"],\"articleSection\":[\"FAMILIA\",\"INFANCIA Y ADOLESCENCIA\",\"PAUTAS Y CONSEJOS PRACTICOS\"],\"inLanguage\":\"es\",\"potentialAction\":[{\"@type\":\"CommentAction\",\"name\":\"Comment\",\"target\":[\"https:\\\/\\\/www.psicologiacolmenar.es\\\/psicologo\\\/violencia-de-genero-senales-de-alarma\\\/#respond\"]}]},{\"@type\":\"WebPage\",\"@id\":\"https:\\\/\\\/www.psicologiacolmenar.es\\\/psicologo\\\/violencia-de-genero-senales-de-alarma\\\/\",\"url\":\"https:\\\/\\\/www.psicologiacolmenar.es\\\/psicologo\\\/violencia-de-genero-senales-de-alarma\\\/\",\"name\":\"Violencia de g\u00e9nero - Psicologos en Colmenar Viejo Madrid\",\"isPartOf\":{\"@id\":\"https:\\\/\\\/www.psicologiacolmenar.es\\\/psicologo\\\/#website\"},\"primaryImageOfPage\":{\"@id\":\"https:\\\/\\\/www.psicologiacolmenar.es\\\/psicologo\\\/violencia-de-genero-senales-de-alarma\\\/#primaryimage\"},\"image\":{\"@id\":\"https:\\\/\\\/www.psicologiacolmenar.es\\\/psicologo\\\/violencia-de-genero-senales-de-alarma\\\/#primaryimage\"},\"thumbnailUrl\":\"https:\\\/\\\/www.psicologiacolmenar.es\\\/psicologo\\\/wp-content\\\/uploads\\\/2017\\\/08\\\/violencia-genero.jpg\",\"datePublished\":\"2017-08-28T17:25:13+00:00\",\"dateModified\":\"2018-10-30T17:58:34+00:00\",\"author\":{\"@id\":\"https:\\\/\\\/www.psicologiacolmenar.es\\\/psicologo\\\/#\\\/schema\\\/person\\\/c14b55b6ab94baa638c4e455b0f5efcd\"},\"description\":\"La violencia de g\u00e9nero es una lacra de nuestra sociedad que merece la repulsa de todos. Una gran lucha a la que nos tenemos que enfrentar a diario...\",\"breadcrumb\":{\"@id\":\"https:\\\/\\\/www.psicologiacolmenar.es\\\/psicologo\\\/violencia-de-genero-senales-de-alarma\\\/#breadcrumb\"},\"inLanguage\":\"es\",\"potentialAction\":[{\"@type\":\"ReadAction\",\"target\":[\"https:\\\/\\\/www.psicologiacolmenar.es\\\/psicologo\\\/violencia-de-genero-senales-de-alarma\\\/\"]}]},{\"@type\":\"ImageObject\",\"inLanguage\":\"es\",\"@id\":\"https:\\\/\\\/www.psicologiacolmenar.es\\\/psicologo\\\/violencia-de-genero-senales-de-alarma\\\/#primaryimage\",\"url\":\"https:\\\/\\\/www.psicologiacolmenar.es\\\/psicologo\\\/wp-content\\\/uploads\\\/2017\\\/08\\\/violencia-genero.jpg\",\"contentUrl\":\"https:\\\/\\\/www.psicologiacolmenar.es\\\/psicologo\\\/wp-content\\\/uploads\\\/2017\\\/08\\\/violencia-genero.jpg\",\"width\":1920,\"height\":1280,\"caption\":\"violencia de genero\"},{\"@type\":\"BreadcrumbList\",\"@id\":\"https:\\\/\\\/www.psicologiacolmenar.es\\\/psicologo\\\/violencia-de-genero-senales-de-alarma\\\/#breadcrumb\",\"itemListElement\":[{\"@type\":\"ListItem\",\"position\":1,\"name\":\"Portada\",\"item\":\"https:\\\/\\\/www.psicologiacolmenar.es\\\/psicologo\\\/\"},{\"@type\":\"ListItem\",\"position\":2,\"name\":\"Violencia de g\u00e9nero Se\u00f1ales de alarma\"}]},{\"@type\":\"WebSite\",\"@id\":\"https:\\\/\\\/www.psicologiacolmenar.es\\\/psicologo\\\/#website\",\"url\":\"https:\\\/\\\/www.psicologiacolmenar.es\\\/psicologo\\\/\",\"name\":\"Psicologos en Colmenar Viejo Madrid\",\"description\":\"Gabinete de psicologos y Centro de psicolog\u00eda en Colmenar Viejo\",\"potentialAction\":[{\"@type\":\"SearchAction\",\"target\":{\"@type\":\"EntryPoint\",\"urlTemplate\":\"https:\\\/\\\/www.psicologiacolmenar.es\\\/psicologo\\\/?s={search_term_string}\"},\"query-input\":{\"@type\":\"PropertyValueSpecification\",\"valueRequired\":true,\"valueName\":\"search_term_string\"}}],\"inLanguage\":\"es\"},{\"@type\":\"Person\",\"@id\":\"https:\\\/\\\/www.psicologiacolmenar.es\\\/psicologo\\\/#\\\/schema\\\/person\\\/c14b55b6ab94baa638c4e455b0f5efcd\",\"name\":\"Psicologo Colmenar Viejo\",\"url\":\"https:\\\/\\\/www.psicologiacolmenar.es\\\/psicologo\\\/author\\\/psicologo-colmenar-viejo\\\/\"}]}<\/script>\n<!-- \/ Yoast SEO Premium plugin. -->","yoast_head_json":{"title":"Violencia de g\u00e9nero - Psicologos en Colmenar Viejo Madrid","description":"La violencia de g\u00e9nero es una lacra de nuestra sociedad que merece la repulsa de todos. Una gran lucha a la que nos tenemos que enfrentar a diario...","robots":{"index":"index","follow":"follow","max-snippet":"max-snippet:-1","max-image-preview":"max-image-preview:large","max-video-preview":"max-video-preview:-1"},"canonical":"https:\/\/www.psicologiacolmenar.es\/psicologo\/violencia-de-genero-senales-de-alarma\/","og_locale":"es_ES","og_type":"article","og_title":"Violencia de g\u00e9nero","og_description":"La violencia de g\u00e9nero es una lacra de nuestra sociedad que merece la repulsa de todos. Una gran lucha a la que nos tenemos que enfrentar a diario y","og_url":"https:\/\/www.psicologiacolmenar.es\/psicologo\/violencia-de-genero-senales-de-alarma\/","og_site_name":"Psicologos en Colmenar Viejo Madrid","article_publisher":"https:\/\/www.facebook.com\/psicologocolmenar\/","article_published_time":"2017-08-28T17:25:13+00:00","article_modified_time":"2018-10-30T17:58:34+00:00","og_image":[{"width":1920,"height":1280,"url":"https:\/\/www.psicologiacolmenar.es\/psicologo\/wp-content\/uploads\/2017\/08\/violencia-genero.jpg","type":"image\/jpeg"}],"author":"Psicologo Colmenar Viejo","twitter_card":"summary_large_image","twitter_creator":"@jmsanmartinps1","twitter_site":"@jmsanmartinps1","twitter_misc":{"Escrito por":"Psicologo Colmenar Viejo","Tiempo de lectura":"5 minutos"},"schema":{"@context":"https:\/\/schema.org","@graph":[{"@type":"Article","@id":"https:\/\/www.psicologiacolmenar.es\/psicologo\/violencia-de-genero-senales-de-alarma\/#article","isPartOf":{"@id":"https:\/\/www.psicologiacolmenar.es\/psicologo\/violencia-de-genero-senales-de-alarma\/"},"author":{"name":"Psicologo Colmenar Viejo","@id":"https:\/\/www.psicologiacolmenar.es\/psicologo\/#\/schema\/person\/c14b55b6ab94baa638c4e455b0f5efcd"},"headline":"Violencia de g\u00e9nero Se\u00f1ales de alarma","datePublished":"2017-08-28T17:25:13+00:00","dateModified":"2018-10-30T17:58:34+00:00","mainEntityOfPage":{"@id":"https:\/\/www.psicologiacolmenar.es\/psicologo\/violencia-de-genero-senales-de-alarma\/"},"wordCount":1090,"commentCount":0,"image":{"@id":"https:\/\/www.psicologiacolmenar.es\/psicologo\/violencia-de-genero-senales-de-alarma\/#primaryimage"},"thumbnailUrl":"https:\/\/www.psicologiacolmenar.es\/psicologo\/wp-content\/uploads\/2017\/08\/violencia-genero.jpg","keywords":["adolescentes","agresor","estereotipo de genero","relaciones","victima","violencia de genero"],"articleSection":["FAMILIA","INFANCIA Y ADOLESCENCIA","PAUTAS Y CONSEJOS PRACTICOS"],"inLanguage":"es","potentialAction":[{"@type":"CommentAction","name":"Comment","target":["https:\/\/www.psicologiacolmenar.es\/psicologo\/violencia-de-genero-senales-de-alarma\/#respond"]}]},{"@type":"WebPage","@id":"https:\/\/www.psicologiacolmenar.es\/psicologo\/violencia-de-genero-senales-de-alarma\/","url":"https:\/\/www.psicologiacolmenar.es\/psicologo\/violencia-de-genero-senales-de-alarma\/","name":"Violencia de g\u00e9nero - Psicologos en Colmenar Viejo Madrid","isPartOf":{"@id":"https:\/\/www.psicologiacolmenar.es\/psicologo\/#website"},"primaryImageOfPage":{"@id":"https:\/\/www.psicologiacolmenar.es\/psicologo\/violencia-de-genero-senales-de-alarma\/#primaryimage"},"image":{"@id":"https:\/\/www.psicologiacolmenar.es\/psicologo\/violencia-de-genero-senales-de-alarma\/#primaryimage"},"thumbnailUrl":"https:\/\/www.psicologiacolmenar.es\/psicologo\/wp-content\/uploads\/2017\/08\/violencia-genero.jpg","datePublished":"2017-08-28T17:25:13+00:00","dateModified":"2018-10-30T17:58:34+00:00","author":{"@id":"https:\/\/www.psicologiacolmenar.es\/psicologo\/#\/schema\/person\/c14b55b6ab94baa638c4e455b0f5efcd"},"description":"La violencia de g\u00e9nero es una lacra de nuestra sociedad que merece la repulsa de todos. Una gran lucha a la que nos tenemos que enfrentar a diario...","breadcrumb":{"@id":"https:\/\/www.psicologiacolmenar.es\/psicologo\/violencia-de-genero-senales-de-alarma\/#breadcrumb"},"inLanguage":"es","potentialAction":[{"@type":"ReadAction","target":["https:\/\/www.psicologiacolmenar.es\/psicologo\/violencia-de-genero-senales-de-alarma\/"]}]},{"@type":"ImageObject","inLanguage":"es","@id":"https:\/\/www.psicologiacolmenar.es\/psicologo\/violencia-de-genero-senales-de-alarma\/#primaryimage","url":"https:\/\/www.psicologiacolmenar.es\/psicologo\/wp-content\/uploads\/2017\/08\/violencia-genero.jpg","contentUrl":"https:\/\/www.psicologiacolmenar.es\/psicologo\/wp-content\/uploads\/2017\/08\/violencia-genero.jpg","width":1920,"height":1280,"caption":"violencia de genero"},{"@type":"BreadcrumbList","@id":"https:\/\/www.psicologiacolmenar.es\/psicologo\/violencia-de-genero-senales-de-alarma\/#breadcrumb","itemListElement":[{"@type":"ListItem","position":1,"name":"Portada","item":"https:\/\/www.psicologiacolmenar.es\/psicologo\/"},{"@type":"ListItem","position":2,"name":"Violencia de g\u00e9nero Se\u00f1ales de alarma"}]},{"@type":"WebSite","@id":"https:\/\/www.psicologiacolmenar.es\/psicologo\/#website","url":"https:\/\/www.psicologiacolmenar.es\/psicologo\/","name":"Psicologos en Colmenar Viejo Madrid","description":"Gabinete de psicologos y Centro de psicolog\u00eda en Colmenar Viejo","potentialAction":[{"@type":"SearchAction","target":{"@type":"EntryPoint","urlTemplate":"https:\/\/www.psicologiacolmenar.es\/psicologo\/?s={search_term_string}"},"query-input":{"@type":"PropertyValueSpecification","valueRequired":true,"valueName":"search_term_string"}}],"inLanguage":"es"},{"@type":"Person","@id":"https:\/\/www.psicologiacolmenar.es\/psicologo\/#\/schema\/person\/c14b55b6ab94baa638c4e455b0f5efcd","name":"Psicologo Colmenar Viejo","url":"https:\/\/www.psicologiacolmenar.es\/psicologo\/author\/psicologo-colmenar-viejo\/"}]}},"_links":{"self":[{"href":"https:\/\/www.psicologiacolmenar.es\/psicologo\/wp-json\/wp\/v2\/posts\/707","targetHints":{"allow":["GET"]}}],"collection":[{"href":"https:\/\/www.psicologiacolmenar.es\/psicologo\/wp-json\/wp\/v2\/posts"}],"about":[{"href":"https:\/\/www.psicologiacolmenar.es\/psicologo\/wp-json\/wp\/v2\/types\/post"}],"author":[{"embeddable":true,"href":"https:\/\/www.psicologiacolmenar.es\/psicologo\/wp-json\/wp\/v2\/users\/2"}],"replies":[{"embeddable":true,"href":"https:\/\/www.psicologiacolmenar.es\/psicologo\/wp-json\/wp\/v2\/comments?post=707"}],"version-history":[{"count":4,"href":"https:\/\/www.psicologiacolmenar.es\/psicologo\/wp-json\/wp\/v2\/posts\/707\/revisions"}],"predecessor-version":[{"id":1052,"href":"https:\/\/www.psicologiacolmenar.es\/psicologo\/wp-json\/wp\/v2\/posts\/707\/revisions\/1052"}],"wp:featuredmedia":[{"embeddable":true,"href":"https:\/\/www.psicologiacolmenar.es\/psicologo\/wp-json\/wp\/v2\/media\/708"}],"wp:attachment":[{"href":"https:\/\/www.psicologiacolmenar.es\/psicologo\/wp-json\/wp\/v2\/media?parent=707"}],"wp:term":[{"taxonomy":"category","embeddable":true,"href":"https:\/\/www.psicologiacolmenar.es\/psicologo\/wp-json\/wp\/v2\/categories?post=707"},{"taxonomy":"post_tag","embeddable":true,"href":"https:\/\/www.psicologiacolmenar.es\/psicologo\/wp-json\/wp\/v2\/tags?post=707"}],"curies":[{"name":"wp","href":"https:\/\/api.w.org\/{rel}","templated":true}]}}