{"id":715,"date":"2017-09-13T16:22:56","date_gmt":"2017-09-13T16:22:56","guid":{"rendered":"http:\/\/psicologiacolmenar.es\/psicologo\/?p=715"},"modified":"2018-11-06T19:13:33","modified_gmt":"2018-11-06T19:13:33","slug":"comportamiento-agresivo-en-la-infancia","status":"publish","type":"post","link":"https:\/\/www.psicologiacolmenar.es\/psicologo\/comportamiento-agresivo-en-la-infancia\/","title":{"rendered":"<h2>Conductas agresivas en la infancia<\/h2> <h4>Trastornos del comportamiento en la infancia<\/h4>"},"content":{"rendered":"<p>La adquisici\u00f3n y el desarrollo de conductas agresivas en la infancia es fuente de preocupaci\u00f3n creciente en el medio familiar, en el escolar y en el social.<\/p>\n<h2><strong>Comportamiento agresivo<\/strong><\/h2>\n<p>El termino agresi\u00f3n\u00a0abarca una serie de conductas, incluyendo componentes verbales y no verbales, f\u00edsicos y psicol\u00f3gicos, con el fin de conseguir distintos objetivos.<br \/>\nSon muchas las teor\u00edas que intentan explicar el fen\u00f3meno de la agresividad, si bien el modelo que se impone es el multifactorial: factores biol\u00f3gicos, la conducta, el ambiente y el aprendizaje est\u00e1n detr\u00e1s del comportamiento agresivo.<br \/>\nLa naturaleza multidimensional de la conducta agresiva necesita la evaluaci\u00f3n de los diferentes factores para un adecuado diagn\u00f3stico. Esto es de suma importancia, dado que la agresividad, con frecuencia, se asocia a otros trastornos de base como el d\u00e9ficit de atenci\u00f3n con hiperactividad, trastornos del control de impulsos, trastornos del aprendizaje y del desarrollo entre otros. Igualmente es importante conocer las interacciones familiares conflictivas, los medios de comunicaci\u00f3n, el ambiente escolar y los grupos de iguales por su influencia a trav\u00e9s del <a href=\"https:\/\/psicologiaymente.net\/psicologia\/modelado#!\" target=\"_blank\" rel=\"noopener\">modelado y aprendizaje vicario <\/a>en la conducta agresiva.<\/p>\n<h2><strong>\u00bfPor qu\u00e9 el comportamiento agresivo?<\/strong><\/h2>\n<p>Es necesario tambi\u00e9n considerar las diversas fuentes de estr\u00e9s que pueden generar estados emocionales y cognitivos, en la infancia, que predisponen a la expresi\u00f3n de una conducta agresiva, entre otros est\u00e1n: la perdida de alguno de los padres (por fallecimiento o separaci\u00f3n), las peleas entre padres, el nacimiento de un hermano, sufrir acoso escolar o entre iguales, el mudarse de casa o cambiar de colegio.<\/p>\n<h2><strong>Importancia de una evaluaci\u00f3n adecuada<\/strong><\/h2>\n<p>Cuando un ni\u00f1o es remitido a un <a href=\"https:\/\/psicologiacolmenar.es\/psicologo\/\" target=\"_blank\" rel=\"noopener\">psic\u00f3logo<\/a> debido a las quejas de la familia o la escuela por su comportamiento agresivo, la evaluaci\u00f3n inicial del problema es muy importante de cara a la elaboraci\u00f3n de un adecuado tratamiento. Por ello, la informaci\u00f3n obtenida permite analizar la conducta problema y diagnosticar una eventual patolog\u00eda o dificultades en las interacciones familiares que requieran intervenci\u00f3n.<\/p>\n<h2><strong>Estrategias de tratamiento<\/strong><\/h2>\n<p>Las principales estrategias de tratamiento se focalizan en dos frentes:<br \/>\n1. Con el ni\u00f1o: modificando el comportamiento agresivo por medio del aprendizaje de nuevos repertorios que sean incompatibles con la agresi\u00f3n, el entrenamiento en habilidades de soluci\u00f3n de problemas y otras t\u00e9cnicas de modificaci\u00f3n de conducta.<br \/>\n2. Con los padres: estableciendo pautas de convivencia y de desarrollo, de t\u00e9cnicas y estrategias que les permitan fomentar el buen comportamiento del ni\u00f1o y eliminar comportamientos inadecuados, facilitando el proceso educativo de sus hijos.<br \/>\nSi los problemas de conducta agresiva no remiten a pesar de los esfuerzos que hagamos, es necesario actuar. Se recomienda una evaluaci\u00f3n psicol\u00f3gica completa, que nos permita conocer la ra\u00edz del problema y establecer estrategias de intervenci\u00f3n para su soluci\u00f3n. Si no intervenimos, el ni\u00f1o corre el riesgo de desarrollar des\u00f3rdenes de comportamiento graves en la etapa adolescente y adulta.<\/p>\n<p><a href=\"https:\/\/psicologiacolmenar.es\/psicologo\/psicologo-colmenar-viejo\/\" target=\"_blank\" rel=\"noopener\">J. Miguel San Mart\u00edn Rodr\u00edguez<\/a>. Psic\u00f3logo Sanitario<\/p>\n","protected":false},"excerpt":{"rendered":"<p>La adquisici\u00f3n y el desarrollo de conductas agresivas en la infancia es fuente de preocupaci\u00f3n creciente en el medio familiar, en el escolar y en el social. Comportamiento agresivo El termino agresi\u00f3n\u00a0abarca una serie de conductas, incluyendo componentes verbales y no verbales, f\u00edsicos y psicol\u00f3gicos, con el fin de conseguir distintos objetivos. Son muchas las [&hellip;]<\/p>\n","protected":false},"author":2,"featured_media":716,"comment_status":"open","ping_status":"open","sticky":false,"template":"","format":"standard","meta":{"_et_pb_use_builder":"","_et_pb_old_content":"","_et_gb_content_width":"","footnotes":""},"categories":[309,308,306],"tags":[45,51,46,52,50,48,47,49],"class_list":["post-715","post","type-post","status-publish","format-standard","has-post-thumbnail","hentry","category-familia","category-infancia-y-adolescencia","category-trastornos-emocionales","tag-agresividad","tag-castigo","tag-hiperactividad","tag-intervencion-psicologica","tag-refuerzo","tag-terapia-familia","tag-trastornos-de-conducta","tag-violencia"],"yoast_head":"<!-- This site is optimized with the Yoast SEO Premium plugin v19.2.1 (Yoast SEO v27.5) - https:\/\/yoast.com\/product\/yoast-seo-premium-wordpress\/ -->\n<title>Conductas agresivas en la infancia - Psicologos en Colmenar Viejo Madrid<\/title>\n<meta name=\"description\" content=\"La adquisici\u00f3n y el desarrollo de conductas agresivas en la infancia es fuente de preocupaci\u00f3n creciente en el medio familiar, en el escolar y en el social.\" \/>\n<meta name=\"robots\" content=\"index, follow, max-snippet:-1, max-image-preview:large, max-video-preview:-1\" \/>\n<link rel=\"canonical\" href=\"https:\/\/www.psicologiacolmenar.es\/psicologo\/comportamiento-agresivo-en-la-infancia\/\" \/>\n<meta property=\"og:locale\" content=\"es_ES\" \/>\n<meta property=\"og:type\" content=\"article\" \/>\n<meta property=\"og:title\" content=\"Conductas agresivas en la infancia\" \/>\n<meta property=\"og:description\" content=\"La adquisici\u00f3n y el desarrollo de conductas agresivas en la infancia es fuente de preocupaci\u00f3n creciente en el medio familiar, en el escolar y en el\" \/>\n<meta property=\"og:url\" content=\"https:\/\/www.psicologiacolmenar.es\/psicologo\/comportamiento-agresivo-en-la-infancia\/\" \/>\n<meta property=\"og:site_name\" content=\"Psicologos en Colmenar Viejo Madrid\" \/>\n<meta property=\"article:publisher\" content=\"https:\/\/www.facebook.com\/psicologocolmenar\/\" \/>\n<meta property=\"article:published_time\" content=\"2017-09-13T16:22:56+00:00\" \/>\n<meta property=\"article:modified_time\" content=\"2018-11-06T19:13:33+00:00\" \/>\n<meta property=\"og:image\" content=\"https:\/\/www.psicologiacolmenar.es\/psicologo\/wp-content\/uploads\/2017\/09\/ni\u00f1o-agresivo.jpg\" \/>\n\t<meta property=\"og:image:width\" content=\"1920\" \/>\n\t<meta property=\"og:image:height\" content=\"1280\" \/>\n\t<meta property=\"og:image:type\" content=\"image\/jpeg\" \/>\n<meta name=\"author\" content=\"Psicologo Colmenar Viejo\" \/>\n<meta name=\"twitter:card\" content=\"summary_large_image\" \/>\n<meta name=\"twitter:creator\" content=\"@jmsanmartinps1\" \/>\n<meta name=\"twitter:site\" content=\"@jmsanmartinps1\" \/>\n<meta name=\"twitter:label1\" content=\"Escrito por\" \/>\n\t<meta name=\"twitter:data1\" content=\"Psicologo Colmenar Viejo\" \/>\n\t<meta name=\"twitter:label2\" content=\"Tiempo de lectura\" \/>\n\t<meta name=\"twitter:data2\" content=\"3 minutos\" \/>\n<script type=\"application\/ld+json\" class=\"yoast-schema-graph\">{\"@context\":\"https:\\\/\\\/schema.org\",\"@graph\":[{\"@type\":\"Article\",\"@id\":\"https:\\\/\\\/www.psicologiacolmenar.es\\\/psicologo\\\/comportamiento-agresivo-en-la-infancia\\\/#article\",\"isPartOf\":{\"@id\":\"https:\\\/\\\/www.psicologiacolmenar.es\\\/psicologo\\\/comportamiento-agresivo-en-la-infancia\\\/\"},\"author\":{\"name\":\"Psicologo Colmenar Viejo\",\"@id\":\"https:\\\/\\\/www.psicologiacolmenar.es\\\/psicologo\\\/#\\\/schema\\\/person\\\/c14b55b6ab94baa638c4e455b0f5efcd\"},\"headline\":\"Conductas agresivas en la infancia Trastornos del comportamiento en la infancia\",\"datePublished\":\"2017-09-13T16:22:56+00:00\",\"dateModified\":\"2018-11-06T19:13:33+00:00\",\"mainEntityOfPage\":{\"@id\":\"https:\\\/\\\/www.psicologiacolmenar.es\\\/psicologo\\\/comportamiento-agresivo-en-la-infancia\\\/\"},\"wordCount\":517,\"commentCount\":0,\"image\":{\"@id\":\"https:\\\/\\\/www.psicologiacolmenar.es\\\/psicologo\\\/comportamiento-agresivo-en-la-infancia\\\/#primaryimage\"},\"thumbnailUrl\":\"https:\\\/\\\/www.psicologiacolmenar.es\\\/psicologo\\\/wp-content\\\/uploads\\\/2017\\\/09\\\/ni\u00f1o-agresivo.jpg\",\"keywords\":[\"agresividad\",\"castigo\",\"hiperactividad\",\"intervencion psicologica\",\"refuerzo\",\"terapia familia\",\"trastornos de conducta\",\"violencia\"],\"articleSection\":[\"FAMILIA\",\"INFANCIA Y ADOLESCENCIA\",\"TRASTORNOS EMOCIONALES\"],\"inLanguage\":\"es\",\"potentialAction\":[{\"@type\":\"CommentAction\",\"name\":\"Comment\",\"target\":[\"https:\\\/\\\/www.psicologiacolmenar.es\\\/psicologo\\\/comportamiento-agresivo-en-la-infancia\\\/#respond\"]}]},{\"@type\":\"WebPage\",\"@id\":\"https:\\\/\\\/www.psicologiacolmenar.es\\\/psicologo\\\/comportamiento-agresivo-en-la-infancia\\\/\",\"url\":\"https:\\\/\\\/www.psicologiacolmenar.es\\\/psicologo\\\/comportamiento-agresivo-en-la-infancia\\\/\",\"name\":\"Conductas agresivas en la infancia - Psicologos en Colmenar Viejo Madrid\",\"isPartOf\":{\"@id\":\"https:\\\/\\\/www.psicologiacolmenar.es\\\/psicologo\\\/#website\"},\"primaryImageOfPage\":{\"@id\":\"https:\\\/\\\/www.psicologiacolmenar.es\\\/psicologo\\\/comportamiento-agresivo-en-la-infancia\\\/#primaryimage\"},\"image\":{\"@id\":\"https:\\\/\\\/www.psicologiacolmenar.es\\\/psicologo\\\/comportamiento-agresivo-en-la-infancia\\\/#primaryimage\"},\"thumbnailUrl\":\"https:\\\/\\\/www.psicologiacolmenar.es\\\/psicologo\\\/wp-content\\\/uploads\\\/2017\\\/09\\\/ni\u00f1o-agresivo.jpg\",\"datePublished\":\"2017-09-13T16:22:56+00:00\",\"dateModified\":\"2018-11-06T19:13:33+00:00\",\"author\":{\"@id\":\"https:\\\/\\\/www.psicologiacolmenar.es\\\/psicologo\\\/#\\\/schema\\\/person\\\/c14b55b6ab94baa638c4e455b0f5efcd\"},\"description\":\"La adquisici\u00f3n y el desarrollo de conductas agresivas en la infancia es fuente de preocupaci\u00f3n creciente en el medio familiar, en el escolar y en el social.\",\"breadcrumb\":{\"@id\":\"https:\\\/\\\/www.psicologiacolmenar.es\\\/psicologo\\\/comportamiento-agresivo-en-la-infancia\\\/#breadcrumb\"},\"inLanguage\":\"es\",\"potentialAction\":[{\"@type\":\"ReadAction\",\"target\":[\"https:\\\/\\\/www.psicologiacolmenar.es\\\/psicologo\\\/comportamiento-agresivo-en-la-infancia\\\/\"]}]},{\"@type\":\"ImageObject\",\"inLanguage\":\"es\",\"@id\":\"https:\\\/\\\/www.psicologiacolmenar.es\\\/psicologo\\\/comportamiento-agresivo-en-la-infancia\\\/#primaryimage\",\"url\":\"https:\\\/\\\/www.psicologiacolmenar.es\\\/psicologo\\\/wp-content\\\/uploads\\\/2017\\\/09\\\/ni\u00f1o-agresivo.jpg\",\"contentUrl\":\"https:\\\/\\\/www.psicologiacolmenar.es\\\/psicologo\\\/wp-content\\\/uploads\\\/2017\\\/09\\\/ni\u00f1o-agresivo.jpg\",\"width\":1920,\"height\":1280,\"caption\":\"comportamiento agresivo\"},{\"@type\":\"BreadcrumbList\",\"@id\":\"https:\\\/\\\/www.psicologiacolmenar.es\\\/psicologo\\\/comportamiento-agresivo-en-la-infancia\\\/#breadcrumb\",\"itemListElement\":[{\"@type\":\"ListItem\",\"position\":1,\"name\":\"Portada\",\"item\":\"https:\\\/\\\/www.psicologiacolmenar.es\\\/psicologo\\\/\"},{\"@type\":\"ListItem\",\"position\":2,\"name\":\"Conductas agresivas en la infancia Trastornos del comportamiento en la infancia\"}]},{\"@type\":\"WebSite\",\"@id\":\"https:\\\/\\\/www.psicologiacolmenar.es\\\/psicologo\\\/#website\",\"url\":\"https:\\\/\\\/www.psicologiacolmenar.es\\\/psicologo\\\/\",\"name\":\"Psicologos en Colmenar Viejo Madrid\",\"description\":\"Gabinete de psicologos y Centro de psicolog\u00eda en Colmenar Viejo\",\"potentialAction\":[{\"@type\":\"SearchAction\",\"target\":{\"@type\":\"EntryPoint\",\"urlTemplate\":\"https:\\\/\\\/www.psicologiacolmenar.es\\\/psicologo\\\/?s={search_term_string}\"},\"query-input\":{\"@type\":\"PropertyValueSpecification\",\"valueRequired\":true,\"valueName\":\"search_term_string\"}}],\"inLanguage\":\"es\"},{\"@type\":\"Person\",\"@id\":\"https:\\\/\\\/www.psicologiacolmenar.es\\\/psicologo\\\/#\\\/schema\\\/person\\\/c14b55b6ab94baa638c4e455b0f5efcd\",\"name\":\"Psicologo Colmenar Viejo\",\"url\":\"https:\\\/\\\/www.psicologiacolmenar.es\\\/psicologo\\\/author\\\/psicologo-colmenar-viejo\\\/\"}]}<\/script>\n<!-- \/ Yoast SEO Premium plugin. -->","yoast_head_json":{"title":"Conductas agresivas en la infancia - Psicologos en Colmenar Viejo Madrid","description":"La adquisici\u00f3n y el desarrollo de conductas agresivas en la infancia es fuente de preocupaci\u00f3n creciente en el medio familiar, en el escolar y en el social.","robots":{"index":"index","follow":"follow","max-snippet":"max-snippet:-1","max-image-preview":"max-image-preview:large","max-video-preview":"max-video-preview:-1"},"canonical":"https:\/\/www.psicologiacolmenar.es\/psicologo\/comportamiento-agresivo-en-la-infancia\/","og_locale":"es_ES","og_type":"article","og_title":"Conductas agresivas en la infancia","og_description":"La adquisici\u00f3n y el desarrollo de conductas agresivas en la infancia es fuente de preocupaci\u00f3n creciente en el medio familiar, en el escolar y en el","og_url":"https:\/\/www.psicologiacolmenar.es\/psicologo\/comportamiento-agresivo-en-la-infancia\/","og_site_name":"Psicologos en Colmenar Viejo Madrid","article_publisher":"https:\/\/www.facebook.com\/psicologocolmenar\/","article_published_time":"2017-09-13T16:22:56+00:00","article_modified_time":"2018-11-06T19:13:33+00:00","og_image":[{"width":1920,"height":1280,"url":"https:\/\/www.psicologiacolmenar.es\/psicologo\/wp-content\/uploads\/2017\/09\/ni\u00f1o-agresivo.jpg","type":"image\/jpeg"}],"author":"Psicologo Colmenar Viejo","twitter_card":"summary_large_image","twitter_creator":"@jmsanmartinps1","twitter_site":"@jmsanmartinps1","twitter_misc":{"Escrito por":"Psicologo Colmenar Viejo","Tiempo de lectura":"3 minutos"},"schema":{"@context":"https:\/\/schema.org","@graph":[{"@type":"Article","@id":"https:\/\/www.psicologiacolmenar.es\/psicologo\/comportamiento-agresivo-en-la-infancia\/#article","isPartOf":{"@id":"https:\/\/www.psicologiacolmenar.es\/psicologo\/comportamiento-agresivo-en-la-infancia\/"},"author":{"name":"Psicologo Colmenar Viejo","@id":"https:\/\/www.psicologiacolmenar.es\/psicologo\/#\/schema\/person\/c14b55b6ab94baa638c4e455b0f5efcd"},"headline":"Conductas agresivas en la infancia Trastornos del comportamiento en la infancia","datePublished":"2017-09-13T16:22:56+00:00","dateModified":"2018-11-06T19:13:33+00:00","mainEntityOfPage":{"@id":"https:\/\/www.psicologiacolmenar.es\/psicologo\/comportamiento-agresivo-en-la-infancia\/"},"wordCount":517,"commentCount":0,"image":{"@id":"https:\/\/www.psicologiacolmenar.es\/psicologo\/comportamiento-agresivo-en-la-infancia\/#primaryimage"},"thumbnailUrl":"https:\/\/www.psicologiacolmenar.es\/psicologo\/wp-content\/uploads\/2017\/09\/ni\u00f1o-agresivo.jpg","keywords":["agresividad","castigo","hiperactividad","intervencion psicologica","refuerzo","terapia familia","trastornos de conducta","violencia"],"articleSection":["FAMILIA","INFANCIA Y ADOLESCENCIA","TRASTORNOS EMOCIONALES"],"inLanguage":"es","potentialAction":[{"@type":"CommentAction","name":"Comment","target":["https:\/\/www.psicologiacolmenar.es\/psicologo\/comportamiento-agresivo-en-la-infancia\/#respond"]}]},{"@type":"WebPage","@id":"https:\/\/www.psicologiacolmenar.es\/psicologo\/comportamiento-agresivo-en-la-infancia\/","url":"https:\/\/www.psicologiacolmenar.es\/psicologo\/comportamiento-agresivo-en-la-infancia\/","name":"Conductas agresivas en la infancia - Psicologos en Colmenar Viejo Madrid","isPartOf":{"@id":"https:\/\/www.psicologiacolmenar.es\/psicologo\/#website"},"primaryImageOfPage":{"@id":"https:\/\/www.psicologiacolmenar.es\/psicologo\/comportamiento-agresivo-en-la-infancia\/#primaryimage"},"image":{"@id":"https:\/\/www.psicologiacolmenar.es\/psicologo\/comportamiento-agresivo-en-la-infancia\/#primaryimage"},"thumbnailUrl":"https:\/\/www.psicologiacolmenar.es\/psicologo\/wp-content\/uploads\/2017\/09\/ni\u00f1o-agresivo.jpg","datePublished":"2017-09-13T16:22:56+00:00","dateModified":"2018-11-06T19:13:33+00:00","author":{"@id":"https:\/\/www.psicologiacolmenar.es\/psicologo\/#\/schema\/person\/c14b55b6ab94baa638c4e455b0f5efcd"},"description":"La adquisici\u00f3n y el desarrollo de conductas agresivas en la infancia es fuente de preocupaci\u00f3n creciente en el medio familiar, en el escolar y en el social.","breadcrumb":{"@id":"https:\/\/www.psicologiacolmenar.es\/psicologo\/comportamiento-agresivo-en-la-infancia\/#breadcrumb"},"inLanguage":"es","potentialAction":[{"@type":"ReadAction","target":["https:\/\/www.psicologiacolmenar.es\/psicologo\/comportamiento-agresivo-en-la-infancia\/"]}]},{"@type":"ImageObject","inLanguage":"es","@id":"https:\/\/www.psicologiacolmenar.es\/psicologo\/comportamiento-agresivo-en-la-infancia\/#primaryimage","url":"https:\/\/www.psicologiacolmenar.es\/psicologo\/wp-content\/uploads\/2017\/09\/ni\u00f1o-agresivo.jpg","contentUrl":"https:\/\/www.psicologiacolmenar.es\/psicologo\/wp-content\/uploads\/2017\/09\/ni\u00f1o-agresivo.jpg","width":1920,"height":1280,"caption":"comportamiento agresivo"},{"@type":"BreadcrumbList","@id":"https:\/\/www.psicologiacolmenar.es\/psicologo\/comportamiento-agresivo-en-la-infancia\/#breadcrumb","itemListElement":[{"@type":"ListItem","position":1,"name":"Portada","item":"https:\/\/www.psicologiacolmenar.es\/psicologo\/"},{"@type":"ListItem","position":2,"name":"Conductas agresivas en la infancia Trastornos del comportamiento en la infancia"}]},{"@type":"WebSite","@id":"https:\/\/www.psicologiacolmenar.es\/psicologo\/#website","url":"https:\/\/www.psicologiacolmenar.es\/psicologo\/","name":"Psicologos en Colmenar Viejo Madrid","description":"Gabinete de psicologos y Centro de psicolog\u00eda en Colmenar Viejo","potentialAction":[{"@type":"SearchAction","target":{"@type":"EntryPoint","urlTemplate":"https:\/\/www.psicologiacolmenar.es\/psicologo\/?s={search_term_string}"},"query-input":{"@type":"PropertyValueSpecification","valueRequired":true,"valueName":"search_term_string"}}],"inLanguage":"es"},{"@type":"Person","@id":"https:\/\/www.psicologiacolmenar.es\/psicologo\/#\/schema\/person\/c14b55b6ab94baa638c4e455b0f5efcd","name":"Psicologo Colmenar Viejo","url":"https:\/\/www.psicologiacolmenar.es\/psicologo\/author\/psicologo-colmenar-viejo\/"}]}},"_links":{"self":[{"href":"https:\/\/www.psicologiacolmenar.es\/psicologo\/wp-json\/wp\/v2\/posts\/715","targetHints":{"allow":["GET"]}}],"collection":[{"href":"https:\/\/www.psicologiacolmenar.es\/psicologo\/wp-json\/wp\/v2\/posts"}],"about":[{"href":"https:\/\/www.psicologiacolmenar.es\/psicologo\/wp-json\/wp\/v2\/types\/post"}],"author":[{"embeddable":true,"href":"https:\/\/www.psicologiacolmenar.es\/psicologo\/wp-json\/wp\/v2\/users\/2"}],"replies":[{"embeddable":true,"href":"https:\/\/www.psicologiacolmenar.es\/psicologo\/wp-json\/wp\/v2\/comments?post=715"}],"version-history":[{"count":5,"href":"https:\/\/www.psicologiacolmenar.es\/psicologo\/wp-json\/wp\/v2\/posts\/715\/revisions"}],"predecessor-version":[{"id":1054,"href":"https:\/\/www.psicologiacolmenar.es\/psicologo\/wp-json\/wp\/v2\/posts\/715\/revisions\/1054"}],"wp:featuredmedia":[{"embeddable":true,"href":"https:\/\/www.psicologiacolmenar.es\/psicologo\/wp-json\/wp\/v2\/media\/716"}],"wp:attachment":[{"href":"https:\/\/www.psicologiacolmenar.es\/psicologo\/wp-json\/wp\/v2\/media?parent=715"}],"wp:term":[{"taxonomy":"category","embeddable":true,"href":"https:\/\/www.psicologiacolmenar.es\/psicologo\/wp-json\/wp\/v2\/categories?post=715"},{"taxonomy":"post_tag","embeddable":true,"href":"https:\/\/www.psicologiacolmenar.es\/psicologo\/wp-json\/wp\/v2\/tags?post=715"}],"curies":[{"name":"wp","href":"https:\/\/api.w.org\/{rel}","templated":true}]}}