{"id":769,"date":"2017-11-14T18:00:53","date_gmt":"2017-11-14T18:00:53","guid":{"rendered":"http:\/\/psicologiacolmenar.es\/psicologo\/?p=769"},"modified":"2024-09-10T11:32:13","modified_gmt":"2024-09-10T11:32:13","slug":"depresion-en-la-tercera-edad","status":"publish","type":"post","link":"https:\/\/www.psicologiacolmenar.es\/psicologo\/depresion-en-la-tercera-edad\/","title":{"rendered":"<h2>Depresi\u00f3n en la tercera edad<\/h2> <h4>Una etapa de riesgo<\/h4>"},"content":{"rendered":"<h2><strong>Adultos mayores<\/strong><\/h2>\n<p>La tercera edad suele describirse como una \u00e9poca de descanso, reflexi\u00f3n y de oportunidades para hacer cosas que quedaron postergadas mientras uno criaba a los hijos y desarrollaba su carrera.<\/p>\n<p>Lamentablemente, el proceso de envejecimiento no es siempre tan id\u00edlico. Acontecimientos de la tercera edad como, por ejemplo, los trastornos m\u00e9dicos cr\u00f3nicos y debilitantes, la p\u00e9rdida de amigos y seres queridos, y la incapacidad para participar en actividades que antes disfrutaba, pueden resultar una carga muy pesada para el bienestar emocional de una persona que est\u00e1 envejeciendo.<\/p>\n<p>Una persona de edad avanzada tambi\u00e9n puede sentir una p\u00e9rdida de control sobre su vida debido a problemas con la vista, p\u00e9rdida de la audici\u00f3n y otros cambios f\u00edsicos, as\u00ed como presiones externas como, por ejemplo, recursos financieros limitados.<br \/>\nEstos y otros asuntos suelen dejar emociones negativas como la tristeza, la ansiedad, la soledad y la baja autoestima, que a su vez conducen al aislamiento social y la apat\u00eda.<\/p>\n<h2><strong>Depresi\u00f3n en la tercera edad<\/strong><\/h2>\n<p>Otra consecuencia m\u00e1s grave es la depresi\u00f3n cr\u00f3nica o la depresi\u00f3n que es recurrente y persistente. La depresi\u00f3n cr\u00f3nica tiene consecuencias f\u00edsicas y mentales que pueden complicar un problema de salud existente de una persona de edad avanzada y desencadenar nuevas preocupaciones.<\/p>\n<p>Hay pruebas de que algunos cambios corporales naturales asociados con el envejecimiento pueden aumentar el riesgo de que una persona experimente depresi\u00f3n. Estudios recientes sugieren que las bajas concentraciones de folato en la sangre y el sistema nervioso pueden contribuir a la depresi\u00f3n, el deterioro mental y la demencia. Los investigadores tambi\u00e9n sospechan que puede existir una relaci\u00f3n entre la aparici\u00f3n de la depresi\u00f3n en la vejez y la <a href=\"https:\/\/psicologiacolmenar.es\/psicologo\/cuidados-en-la-enfermedad-de-alzheimer-2\/\" target=\"_blank\" rel=\"noopener\">enfermedad de Alzheimer<\/a>.<\/p>\n<p>Independientemente de la causa, la depresi\u00f3n puede tener efectos f\u00edsicos alarmantes en las personas mayores. El \u00edndice de mortalidad de los hombres y mujeres de la tercera edad que tienen depresi\u00f3n y sentimientos de soledad es mayor que el de aquellos que est\u00e1n satisfechos con sus vidas.<\/p>\n<h2><strong>Tratamiento de la depresi\u00f3n en la tercera edad<\/strong><\/h2>\n<p>Los programas de tratamiento para los pacientes de la tercera edad deprimidos que tienen una enfermedad cardiovascular y otras enfermedades importantes, suelen tomar m\u00e1s tiempo de lo normal y su resultado es menos satisfactorio.<br \/>\nAdem\u00e1s, los sentimientos de desesperanza y aislamiento, que suelen alentar ideas suicidas, son m\u00e1s frecuentes entre las personas mayores, en especial aquellas con discapacidades.<\/p>\n<h2><strong>Un riesgo para la vida diaria<\/strong><\/h2>\n<p>La depresi\u00f3n tambi\u00e9n puede tener otras formas de efectos potencialmente nocivos para la salud de una persona mayor. La depresi\u00f3n puede llevar a h\u00e1bitos alimenticios que acaben resultando en obesidad, provocando tambi\u00e9n p\u00e9rdida considerable del apetito y la reducci\u00f3n de niveles de energ\u00eda, ocasionado a veces un trastorno conocido como anorexia geri\u00e1trica.<\/p>\n<p>Las personas deprimidas de la tercera edad tambi\u00e9n experimentan \u00edndices m\u00e1s altos de insomnio y p\u00e9rdida de memoria. Tambi\u00e9n tienen tiempos de reacci\u00f3n m\u00e1s prolongados que lo normal, lo que aumenta los riesgos asociados con cocinar, conducir, automedicarse y otras tareas que requieren una atenci\u00f3n completa.<\/p>\n<h2><strong>\u00bfQu\u00e9 se puede hacer?<\/strong><\/h2>\n<p>Si bien envejecer es una parte inevitable de la vida, la depresi\u00f3n no debe formar parte de ella. Los investigadores est\u00e1n de acuerdo en que el reconocimiento, el diagn\u00f3stico y el tratamiento tempranos pueden contrarrestar y prevenir las consecuencias emocionales y f\u00edsicas de la depresi\u00f3n.<\/p>\n<h2><strong>Aspectos a considerar:<\/strong><\/h2>\n<p>Sea consciente de las limitaciones f\u00edsicas. Aliente a una persona mayor a consultar con un m\u00e9dico antes de hacer cambios en su dieta o emprender una nueva actividad que pueda estresar su resistencia.<\/p>\n<p>Respete las preferencias individuales. Debido a que las personas mayores tienden a ser menos d\u00f3ciles a los cambios de estilo de vida, pueden ser reacias a adoptar nuevos h\u00e1bitos o a hacer cosas que otras personas de su edad disfrutan mucho. Un <a href=\"https:\/\/psicologiacolmenar.es\/psicologo\/psicologo-colmenar-viejo\/\" target=\"_blank\" rel=\"noopener\">psic\u00f3logo<\/a> que se especialice en<a href=\"https:\/\/psicologiacolmenar.es\/psicologo\/terapias\/tercera-edad\/\" target=\"_blank\" rel=\"noopener\"> problemas de la tercera edad<\/a> puede ayudar a desarrollar una estrategia individual para combatir la depresi\u00f3n.<\/p>\n<p>Sea diplom\u00e1tico. Una persona mayor con una autoestima fr\u00e1gil puede interpretar expresiones de aliento y estimulo bien intencionadas como una prueba m\u00e1s del deterioro de su estado. Otros pueden molestarse ante cualquier intento de intervenci\u00f3n. Un psic\u00f3logo puede ayudar a sus amigos y familiares a desarrollar t\u00e1cticas positivas para lidiar con estos y otros problemas delicados.<\/p>\n<p><a href=\"https:\/\/psicologiacolmenar.es\/psicologo\/psicologo-colmenar-viejo\/\" target=\"_blank\" rel=\"noopener\">J. Miguel San Mart\u00edn Rodr\u00edguez. Psic\u00f3logo sanitario<\/a><\/p>\n","protected":false},"excerpt":{"rendered":"<p>Adultos mayores La tercera edad suele describirse como una \u00e9poca de descanso, reflexi\u00f3n y de oportunidades para hacer cosas que quedaron postergadas mientras uno criaba a los hijos y desarrollaba su carrera. Lamentablemente, el proceso de envejecimiento no es siempre tan id\u00edlico. Acontecimientos de la tercera edad como, por ejemplo, los trastornos m\u00e9dicos cr\u00f3nicos y [&hellip;]<\/p>\n","protected":false},"author":2,"featured_media":1524,"comment_status":"open","ping_status":"open","sticky":false,"template":"","format":"standard","meta":{"_et_pb_use_builder":"","_et_pb_old_content":"","_et_gb_content_width":"","footnotes":""},"categories":[303,306],"tags":[79,111,109,112,8,110,113],"class_list":["post-769","post","type-post","status-publish","format-standard","has-post-thumbnail","hentry","category-tercera-edad","category-trastornos-emocionales","tag-alzheimer","tag-demencia","tag-depresion","tag-limitaciones","tag-mayores","tag-tercera-edad","tag-trastornos-de-la-alimentacion-y-sueno"],"yoast_head":"<!-- This site is optimized with the Yoast SEO Premium plugin v19.2.1 (Yoast SEO v27.5) - https:\/\/yoast.com\/product\/yoast-seo-premium-wordpress\/ -->\n<title>Depresi\u00f3n en la tercera edad - Psicologos en Colmenar Viejo Madrid<\/title>\n<meta name=\"description\" content=\"La tercera edad suele describirse como una \u00e9poca de descanso, reflexi\u00f3n y de oportunidades para hacer cosas que quedaron postergadas mientras...\" \/>\n<meta name=\"robots\" content=\"index, follow, max-snippet:-1, max-image-preview:large, max-video-preview:-1\" \/>\n<link rel=\"canonical\" href=\"https:\/\/www.psicologiacolmenar.es\/psicologo\/depresion-en-la-tercera-edad\/\" \/>\n<meta property=\"og:locale\" content=\"es_ES\" \/>\n<meta property=\"og:type\" content=\"article\" \/>\n<meta property=\"og:title\" content=\"Depresi\u00f3n en la tercera edad\" \/>\n<meta property=\"og:description\" content=\"Adultos mayores La tercera edad suele describirse como una \u00e9poca de descanso, reflexi\u00f3n y de oportunidades para hacer cosas que quedaron postergadas\" \/>\n<meta property=\"og:url\" content=\"https:\/\/www.psicologiacolmenar.es\/psicologo\/depresion-en-la-tercera-edad\/\" \/>\n<meta property=\"og:site_name\" content=\"Psicologos en Colmenar Viejo Madrid\" \/>\n<meta property=\"article:publisher\" content=\"https:\/\/www.facebook.com\/psicologocolmenar\/\" \/>\n<meta property=\"article:published_time\" content=\"2017-11-14T18:00:53+00:00\" \/>\n<meta property=\"article:modified_time\" content=\"2024-09-10T11:32:13+00:00\" \/>\n<meta property=\"og:image\" content=\"https:\/\/www.psicologiacolmenar.es\/psicologo\/wp-content\/uploads\/2017\/11\/depresion-en-mayores.webp\" \/>\n\t<meta property=\"og:image:width\" content=\"800\" \/>\n\t<meta property=\"og:image:height\" content=\"534\" \/>\n\t<meta property=\"og:image:type\" content=\"image\/webp\" \/>\n<meta name=\"author\" content=\"Psicologo Colmenar Viejo\" \/>\n<meta name=\"twitter:card\" content=\"summary_large_image\" \/>\n<meta name=\"twitter:creator\" content=\"@jmsanmartinps1\" \/>\n<meta name=\"twitter:site\" content=\"@jmsanmartinps1\" \/>\n<meta name=\"twitter:label1\" content=\"Escrito por\" \/>\n\t<meta name=\"twitter:data1\" content=\"Psicologo Colmenar Viejo\" \/>\n\t<meta name=\"twitter:label2\" content=\"Tiempo de lectura\" \/>\n\t<meta name=\"twitter:data2\" content=\"4 minutos\" \/>\n<script type=\"application\/ld+json\" class=\"yoast-schema-graph\">{\"@context\":\"https:\\\/\\\/schema.org\",\"@graph\":[{\"@type\":\"Article\",\"@id\":\"https:\\\/\\\/www.psicologiacolmenar.es\\\/psicologo\\\/depresion-en-la-tercera-edad\\\/#article\",\"isPartOf\":{\"@id\":\"https:\\\/\\\/www.psicologiacolmenar.es\\\/psicologo\\\/depresion-en-la-tercera-edad\\\/\"},\"author\":{\"name\":\"Psicologo Colmenar Viejo\",\"@id\":\"https:\\\/\\\/www.psicologiacolmenar.es\\\/psicologo\\\/#\\\/schema\\\/person\\\/c14b55b6ab94baa638c4e455b0f5efcd\"},\"headline\":\"Depresi\u00f3n en la tercera edad Una etapa de riesgo\",\"datePublished\":\"2017-11-14T18:00:53+00:00\",\"dateModified\":\"2024-09-10T11:32:13+00:00\",\"mainEntityOfPage\":{\"@id\":\"https:\\\/\\\/www.psicologiacolmenar.es\\\/psicologo\\\/depresion-en-la-tercera-edad\\\/\"},\"wordCount\":780,\"commentCount\":0,\"image\":{\"@id\":\"https:\\\/\\\/www.psicologiacolmenar.es\\\/psicologo\\\/depresion-en-la-tercera-edad\\\/#primaryimage\"},\"thumbnailUrl\":\"https:\\\/\\\/www.psicologiacolmenar.es\\\/psicologo\\\/wp-content\\\/uploads\\\/2017\\\/11\\\/depresion-en-mayores.webp\",\"keywords\":[\"alzheimer\",\"demencia\",\"depresion\",\"limitaciones\",\"mayores\",\"tercera edad\",\"trastornos de la alimentacion y sue\u00f1o\"],\"articleSection\":[\"TERCERA EDAD\",\"TRASTORNOS EMOCIONALES\"],\"inLanguage\":\"es\",\"potentialAction\":[{\"@type\":\"CommentAction\",\"name\":\"Comment\",\"target\":[\"https:\\\/\\\/www.psicologiacolmenar.es\\\/psicologo\\\/depresion-en-la-tercera-edad\\\/#respond\"]}]},{\"@type\":\"WebPage\",\"@id\":\"https:\\\/\\\/www.psicologiacolmenar.es\\\/psicologo\\\/depresion-en-la-tercera-edad\\\/\",\"url\":\"https:\\\/\\\/www.psicologiacolmenar.es\\\/psicologo\\\/depresion-en-la-tercera-edad\\\/\",\"name\":\"Depresi\u00f3n en la tercera edad - Psicologos en Colmenar Viejo Madrid\",\"isPartOf\":{\"@id\":\"https:\\\/\\\/www.psicologiacolmenar.es\\\/psicologo\\\/#website\"},\"primaryImageOfPage\":{\"@id\":\"https:\\\/\\\/www.psicologiacolmenar.es\\\/psicologo\\\/depresion-en-la-tercera-edad\\\/#primaryimage\"},\"image\":{\"@id\":\"https:\\\/\\\/www.psicologiacolmenar.es\\\/psicologo\\\/depresion-en-la-tercera-edad\\\/#primaryimage\"},\"thumbnailUrl\":\"https:\\\/\\\/www.psicologiacolmenar.es\\\/psicologo\\\/wp-content\\\/uploads\\\/2017\\\/11\\\/depresion-en-mayores.webp\",\"datePublished\":\"2017-11-14T18:00:53+00:00\",\"dateModified\":\"2024-09-10T11:32:13+00:00\",\"author\":{\"@id\":\"https:\\\/\\\/www.psicologiacolmenar.es\\\/psicologo\\\/#\\\/schema\\\/person\\\/c14b55b6ab94baa638c4e455b0f5efcd\"},\"description\":\"La tercera edad suele describirse como una \u00e9poca de descanso, reflexi\u00f3n y de oportunidades para hacer cosas que quedaron postergadas mientras...\",\"breadcrumb\":{\"@id\":\"https:\\\/\\\/www.psicologiacolmenar.es\\\/psicologo\\\/depresion-en-la-tercera-edad\\\/#breadcrumb\"},\"inLanguage\":\"es\",\"potentialAction\":[{\"@type\":\"ReadAction\",\"target\":[\"https:\\\/\\\/www.psicologiacolmenar.es\\\/psicologo\\\/depresion-en-la-tercera-edad\\\/\"]}]},{\"@type\":\"ImageObject\",\"inLanguage\":\"es\",\"@id\":\"https:\\\/\\\/www.psicologiacolmenar.es\\\/psicologo\\\/depresion-en-la-tercera-edad\\\/#primaryimage\",\"url\":\"https:\\\/\\\/www.psicologiacolmenar.es\\\/psicologo\\\/wp-content\\\/uploads\\\/2017\\\/11\\\/depresion-en-mayores.webp\",\"contentUrl\":\"https:\\\/\\\/www.psicologiacolmenar.es\\\/psicologo\\\/wp-content\\\/uploads\\\/2017\\\/11\\\/depresion-en-mayores.webp\",\"width\":800,\"height\":534},{\"@type\":\"BreadcrumbList\",\"@id\":\"https:\\\/\\\/www.psicologiacolmenar.es\\\/psicologo\\\/depresion-en-la-tercera-edad\\\/#breadcrumb\",\"itemListElement\":[{\"@type\":\"ListItem\",\"position\":1,\"name\":\"Portada\",\"item\":\"https:\\\/\\\/www.psicologiacolmenar.es\\\/psicologo\\\/\"},{\"@type\":\"ListItem\",\"position\":2,\"name\":\"Depresi\u00f3n en la tercera edad\"}]},{\"@type\":\"WebSite\",\"@id\":\"https:\\\/\\\/www.psicologiacolmenar.es\\\/psicologo\\\/#website\",\"url\":\"https:\\\/\\\/www.psicologiacolmenar.es\\\/psicologo\\\/\",\"name\":\"Psicologos en Colmenar Viejo Madrid\",\"description\":\"Gabinete de psicologos y Centro de psicolog\u00eda en Colmenar Viejo\",\"potentialAction\":[{\"@type\":\"SearchAction\",\"target\":{\"@type\":\"EntryPoint\",\"urlTemplate\":\"https:\\\/\\\/www.psicologiacolmenar.es\\\/psicologo\\\/?s={search_term_string}\"},\"query-input\":{\"@type\":\"PropertyValueSpecification\",\"valueRequired\":true,\"valueName\":\"search_term_string\"}}],\"inLanguage\":\"es\"},{\"@type\":\"Person\",\"@id\":\"https:\\\/\\\/www.psicologiacolmenar.es\\\/psicologo\\\/#\\\/schema\\\/person\\\/c14b55b6ab94baa638c4e455b0f5efcd\",\"name\":\"Psicologo Colmenar Viejo\",\"url\":\"https:\\\/\\\/www.psicologiacolmenar.es\\\/psicologo\\\/author\\\/psicologo-colmenar-viejo\\\/\"}]}<\/script>\n<!-- \/ Yoast SEO Premium plugin. -->","yoast_head_json":{"title":"Depresi\u00f3n en la tercera edad - Psicologos en Colmenar Viejo Madrid","description":"La tercera edad suele describirse como una \u00e9poca de descanso, reflexi\u00f3n y de oportunidades para hacer cosas que quedaron postergadas mientras...","robots":{"index":"index","follow":"follow","max-snippet":"max-snippet:-1","max-image-preview":"max-image-preview:large","max-video-preview":"max-video-preview:-1"},"canonical":"https:\/\/www.psicologiacolmenar.es\/psicologo\/depresion-en-la-tercera-edad\/","og_locale":"es_ES","og_type":"article","og_title":"Depresi\u00f3n en la tercera edad","og_description":"Adultos mayores La tercera edad suele describirse como una \u00e9poca de descanso, reflexi\u00f3n y de oportunidades para hacer cosas que quedaron postergadas","og_url":"https:\/\/www.psicologiacolmenar.es\/psicologo\/depresion-en-la-tercera-edad\/","og_site_name":"Psicologos en Colmenar Viejo Madrid","article_publisher":"https:\/\/www.facebook.com\/psicologocolmenar\/","article_published_time":"2017-11-14T18:00:53+00:00","article_modified_time":"2024-09-10T11:32:13+00:00","og_image":[{"width":800,"height":534,"url":"https:\/\/www.psicologiacolmenar.es\/psicologo\/wp-content\/uploads\/2017\/11\/depresion-en-mayores.webp","type":"image\/webp"}],"author":"Psicologo Colmenar Viejo","twitter_card":"summary_large_image","twitter_creator":"@jmsanmartinps1","twitter_site":"@jmsanmartinps1","twitter_misc":{"Escrito por":"Psicologo Colmenar Viejo","Tiempo de lectura":"4 minutos"},"schema":{"@context":"https:\/\/schema.org","@graph":[{"@type":"Article","@id":"https:\/\/www.psicologiacolmenar.es\/psicologo\/depresion-en-la-tercera-edad\/#article","isPartOf":{"@id":"https:\/\/www.psicologiacolmenar.es\/psicologo\/depresion-en-la-tercera-edad\/"},"author":{"name":"Psicologo Colmenar Viejo","@id":"https:\/\/www.psicologiacolmenar.es\/psicologo\/#\/schema\/person\/c14b55b6ab94baa638c4e455b0f5efcd"},"headline":"Depresi\u00f3n en la tercera edad Una etapa de riesgo","datePublished":"2017-11-14T18:00:53+00:00","dateModified":"2024-09-10T11:32:13+00:00","mainEntityOfPage":{"@id":"https:\/\/www.psicologiacolmenar.es\/psicologo\/depresion-en-la-tercera-edad\/"},"wordCount":780,"commentCount":0,"image":{"@id":"https:\/\/www.psicologiacolmenar.es\/psicologo\/depresion-en-la-tercera-edad\/#primaryimage"},"thumbnailUrl":"https:\/\/www.psicologiacolmenar.es\/psicologo\/wp-content\/uploads\/2017\/11\/depresion-en-mayores.webp","keywords":["alzheimer","demencia","depresion","limitaciones","mayores","tercera edad","trastornos de la alimentacion y sue\u00f1o"],"articleSection":["TERCERA EDAD","TRASTORNOS EMOCIONALES"],"inLanguage":"es","potentialAction":[{"@type":"CommentAction","name":"Comment","target":["https:\/\/www.psicologiacolmenar.es\/psicologo\/depresion-en-la-tercera-edad\/#respond"]}]},{"@type":"WebPage","@id":"https:\/\/www.psicologiacolmenar.es\/psicologo\/depresion-en-la-tercera-edad\/","url":"https:\/\/www.psicologiacolmenar.es\/psicologo\/depresion-en-la-tercera-edad\/","name":"Depresi\u00f3n en la tercera edad - Psicologos en Colmenar Viejo Madrid","isPartOf":{"@id":"https:\/\/www.psicologiacolmenar.es\/psicologo\/#website"},"primaryImageOfPage":{"@id":"https:\/\/www.psicologiacolmenar.es\/psicologo\/depresion-en-la-tercera-edad\/#primaryimage"},"image":{"@id":"https:\/\/www.psicologiacolmenar.es\/psicologo\/depresion-en-la-tercera-edad\/#primaryimage"},"thumbnailUrl":"https:\/\/www.psicologiacolmenar.es\/psicologo\/wp-content\/uploads\/2017\/11\/depresion-en-mayores.webp","datePublished":"2017-11-14T18:00:53+00:00","dateModified":"2024-09-10T11:32:13+00:00","author":{"@id":"https:\/\/www.psicologiacolmenar.es\/psicologo\/#\/schema\/person\/c14b55b6ab94baa638c4e455b0f5efcd"},"description":"La tercera edad suele describirse como una \u00e9poca de descanso, reflexi\u00f3n y de oportunidades para hacer cosas que quedaron postergadas mientras...","breadcrumb":{"@id":"https:\/\/www.psicologiacolmenar.es\/psicologo\/depresion-en-la-tercera-edad\/#breadcrumb"},"inLanguage":"es","potentialAction":[{"@type":"ReadAction","target":["https:\/\/www.psicologiacolmenar.es\/psicologo\/depresion-en-la-tercera-edad\/"]}]},{"@type":"ImageObject","inLanguage":"es","@id":"https:\/\/www.psicologiacolmenar.es\/psicologo\/depresion-en-la-tercera-edad\/#primaryimage","url":"https:\/\/www.psicologiacolmenar.es\/psicologo\/wp-content\/uploads\/2017\/11\/depresion-en-mayores.webp","contentUrl":"https:\/\/www.psicologiacolmenar.es\/psicologo\/wp-content\/uploads\/2017\/11\/depresion-en-mayores.webp","width":800,"height":534},{"@type":"BreadcrumbList","@id":"https:\/\/www.psicologiacolmenar.es\/psicologo\/depresion-en-la-tercera-edad\/#breadcrumb","itemListElement":[{"@type":"ListItem","position":1,"name":"Portada","item":"https:\/\/www.psicologiacolmenar.es\/psicologo\/"},{"@type":"ListItem","position":2,"name":"Depresi\u00f3n en la tercera edad"}]},{"@type":"WebSite","@id":"https:\/\/www.psicologiacolmenar.es\/psicologo\/#website","url":"https:\/\/www.psicologiacolmenar.es\/psicologo\/","name":"Psicologos en Colmenar Viejo Madrid","description":"Gabinete de psicologos y Centro de psicolog\u00eda en Colmenar Viejo","potentialAction":[{"@type":"SearchAction","target":{"@type":"EntryPoint","urlTemplate":"https:\/\/www.psicologiacolmenar.es\/psicologo\/?s={search_term_string}"},"query-input":{"@type":"PropertyValueSpecification","valueRequired":true,"valueName":"search_term_string"}}],"inLanguage":"es"},{"@type":"Person","@id":"https:\/\/www.psicologiacolmenar.es\/psicologo\/#\/schema\/person\/c14b55b6ab94baa638c4e455b0f5efcd","name":"Psicologo Colmenar Viejo","url":"https:\/\/www.psicologiacolmenar.es\/psicologo\/author\/psicologo-colmenar-viejo\/"}]}},"_links":{"self":[{"href":"https:\/\/www.psicologiacolmenar.es\/psicologo\/wp-json\/wp\/v2\/posts\/769","targetHints":{"allow":["GET"]}}],"collection":[{"href":"https:\/\/www.psicologiacolmenar.es\/psicologo\/wp-json\/wp\/v2\/posts"}],"about":[{"href":"https:\/\/www.psicologiacolmenar.es\/psicologo\/wp-json\/wp\/v2\/types\/post"}],"author":[{"embeddable":true,"href":"https:\/\/www.psicologiacolmenar.es\/psicologo\/wp-json\/wp\/v2\/users\/2"}],"replies":[{"embeddable":true,"href":"https:\/\/www.psicologiacolmenar.es\/psicologo\/wp-json\/wp\/v2\/comments?post=769"}],"version-history":[{"count":4,"href":"https:\/\/www.psicologiacolmenar.es\/psicologo\/wp-json\/wp\/v2\/posts\/769\/revisions"}],"predecessor-version":[{"id":1136,"href":"https:\/\/www.psicologiacolmenar.es\/psicologo\/wp-json\/wp\/v2\/posts\/769\/revisions\/1136"}],"wp:featuredmedia":[{"embeddable":true,"href":"https:\/\/www.psicologiacolmenar.es\/psicologo\/wp-json\/wp\/v2\/media\/1524"}],"wp:attachment":[{"href":"https:\/\/www.psicologiacolmenar.es\/psicologo\/wp-json\/wp\/v2\/media?parent=769"}],"wp:term":[{"taxonomy":"category","embeddable":true,"href":"https:\/\/www.psicologiacolmenar.es\/psicologo\/wp-json\/wp\/v2\/categories?post=769"},{"taxonomy":"post_tag","embeddable":true,"href":"https:\/\/www.psicologiacolmenar.es\/psicologo\/wp-json\/wp\/v2\/tags?post=769"}],"curies":[{"name":"wp","href":"https:\/\/api.w.org\/{rel}","templated":true}]}}