{"id":775,"date":"2017-11-23T16:00:03","date_gmt":"2017-11-23T16:00:03","guid":{"rendered":"http:\/\/psicologiacolmenar.es\/psicologo\/?p=775"},"modified":"2019-03-18T12:03:04","modified_gmt":"2019-03-18T12:03:04","slug":"vacuna-contra-el-desanimo","status":"publish","type":"post","link":"https:\/\/www.psicologiacolmenar.es\/psicologo\/vacuna-contra-el-desanimo\/","title":{"rendered":"<h2>Vacuna contra el desanimo<\/h2> <h4>Salud emocional<\/h4>"},"content":{"rendered":"<h2><strong>Emociones<\/strong><\/h2>\n<p>La tristeza, al igual que la alegr\u00eda, forma parte de las emociones presentes en la vida de las personas. Experimentar tristeza es normal y debemos aceptarla como un sentimiento que nos permite elaborar determinadas situaciones vitales y nos facilita las adaptaciones y ajustes psicol\u00f3gicos necesarios para seguir adelante.<\/p>\n<p>Cuando la tristeza persiste o adquiere m\u00e1s fuerza de lo que se considera normal, hay que poner manos a la obra y practicar una serie de h\u00e1bitos sencillos para mantenerla a raya y evitar problemas mayores, como podr\u00eda ser la depresi\u00f3n, que ya requerir\u00eda intervenci\u00f3n profesional.<\/p>\n<h2><strong>Psicolog\u00eda positiva<\/strong><\/h2>\n<p>Desde hace alg\u00fan tiempo, la psicolog\u00eda cl\u00ednica dirige su atenci\u00f3n no solo a las personas aquejadas de alg\u00fan trastorno ps\u00edquico, sino tambi\u00e9n a conocer las caracter\u00edsticas y los h\u00e1bitos de vida de las personas mentalmente sanas. Ello sirve de modelo de trabajo destinado a <a href=\"https:\/\/psicologiacolmenar.es\/psicologo\/terapia-emocional\/\" target=\"_blank\" rel=\"noopener\">prevenir estados emocionales perturbadore<\/a>s.<\/p>\n<h2><strong>H\u00e1bitos para una buena salud emocional<\/strong><\/h2>\n<p>M\u00e1s concretamente, las personas que nunca han padecido depresiones mantienen unos h\u00e1bitos de vida al alcance de cualquiera, que parecen protegerlos del des\u00e1nimo. Estos comportamientos nos ponen sobre la pista de c\u00f3mo evitar ese malestar psicol\u00f3gico. Veamos cuales son:<\/p>\n<p>\u2022 Se trata de personas que fomentan y cuidan sus relaciones con los dem\u00e1s y reservan tiempo para reunirse con los que quieren, sean amigos, compa\u00f1eros de trabajo o su familia.<\/p>\n<p>\u2022 Realizan con frecuencia actividades que les satisfacen y que no siempre requieren esfuerzo personal o econ\u00f3mico, como por ejemplo escuchar m\u00fasica, leer, tomar un ba\u00f1o caliente; seleccionan los programas de televisi\u00f3n, pel\u00edculas, obras de teatro, lecturas, en funci\u00f3n de su contenido, evitando lo morboso, triste o que induzca a la desesperanza.<\/p>\n<p>\u2022 Descansan diariamente lo suficiente, no solo durante el sue\u00f1o, sino que hacen peque\u00f1as pausas ante la fatiga durante la actividad diaria, tom\u00e1ndose un respiro.<\/p>\n<p>\u2022 Practican con asiduidad alg\u00fan tipo de ejercicio f\u00edsico y tratan de evitar la vida sedentaria, seg\u00fan las posibilidades puede bastar un paseo diario de media hora.<\/p>\n<p>\u2022 Comen lo necesario. Es decir \u00abescuchan\u00bb a su cuerpo y lo atienden.<\/p>\n<p>\u2022 Apuestan por la comunicaci\u00f3n positiva, esto es, cuentan a los dem\u00e1s las cosas buenas que suceden a su alrededor o a s\u00ed mismos, en lugar de quejarse y hablar solo de lo negativo. No se recrean en dar vueltas a los problemas de forma obsesiva, por el contrario, piensan y se expresan en funci\u00f3n de la b\u00fasqueda de soluciones.<\/p>\n<p>\u2022 Se guardan de aquellas personas que tienen una visi\u00f3n pesimista y negativa de la vida y que solo hablan de problemas. Esto \u00faltimo es m\u00e1s importante de lo que parece ya que la tristeza es muy contagiosa.<\/p>\n<p>Estos comportamientos \u00abprotectores\u00bb del estado de \u00e1nimo funcionan solo si se practican hasta incorporarlos a nuestra rutina diaria.<\/p>\n<p>En cualquier caso, no requieren mucho esfuerzo, m\u00e1s bien proporcionan placer.<\/p>\n<p>Merece la pena (o la alegr\u00eda) intentarlo.<\/p>\n<p><a href=\"https:\/\/psicologiacolmenar.es\/psicologo\/psicologo-colmenar-viejo\/\" target=\"_blank\" rel=\"noopener\">J. Miguel San Mart\u00edn Rodr\u00edguez<\/a>. Psic\u00f3logo Sanitario<\/p>\n","protected":false},"excerpt":{"rendered":"<p>Emociones La tristeza, al igual que la alegr\u00eda, forma parte de las emociones presentes en la vida de las personas. Experimentar tristeza es normal y debemos aceptarla como un sentimiento que nos permite elaborar determinadas situaciones vitales y nos facilita las adaptaciones y ajustes psicol\u00f3gicos necesarios para seguir adelante. Cuando la tristeza persiste o adquiere [&hellip;]<\/p>\n","protected":false},"author":2,"featured_media":776,"comment_status":"open","ping_status":"open","sticky":false,"template":"","format":"standard","meta":{"_et_pb_use_builder":"","_et_pb_old_content":"","_et_gb_content_width":"","footnotes":""},"categories":[304,305],"tags":[115,91,109,114,116,117,85],"class_list":["post-775","post","type-post","status-publish","format-standard","has-post-thumbnail","hentry","category-pautas-y-consejos-practicos","category-salud-y-bienestar","tag-actividades-saludables","tag-bienestar","tag-depresion","tag-desanimo","tag-empoderamiento","tag-habitos-saludables","tag-resilencia"],"yoast_head":"<!-- This site is optimized with the Yoast SEO Premium plugin v19.2.1 (Yoast SEO v27.5) - https:\/\/yoast.com\/product\/yoast-seo-premium-wordpress\/ -->\n<title>Vacuna contra el desanimo - Psicologos en Colmenar Viejo Madrid<\/title>\n<meta name=\"description\" content=\"La tristeza, al igual que la alegr\u00eda, forma parte de las emociones presentes en la vida de las personas. Experimentar tristeza es normal y debemos...\" \/>\n<meta name=\"robots\" content=\"index, follow, max-snippet:-1, max-image-preview:large, max-video-preview:-1\" \/>\n<link rel=\"canonical\" href=\"https:\/\/www.psicologiacolmenar.es\/psicologo\/vacuna-contra-el-desanimo\/\" \/>\n<meta property=\"og:locale\" content=\"es_ES\" \/>\n<meta property=\"og:type\" content=\"article\" \/>\n<meta property=\"og:title\" content=\"Vacuna contra el desanimo\" \/>\n<meta property=\"og:description\" content=\"Emociones La tristeza, al igual que la alegr\u00eda, forma parte de las emociones presentes en la vida de las personas. Experimentar tristeza es normal y\" \/>\n<meta property=\"og:url\" content=\"https:\/\/www.psicologiacolmenar.es\/psicologo\/vacuna-contra-el-desanimo\/\" \/>\n<meta property=\"og:site_name\" content=\"Psicologos en Colmenar Viejo Madrid\" \/>\n<meta property=\"article:publisher\" content=\"https:\/\/www.facebook.com\/psicologocolmenar\/\" \/>\n<meta property=\"article:published_time\" content=\"2017-11-23T16:00:03+00:00\" \/>\n<meta property=\"article:modified_time\" content=\"2019-03-18T12:03:04+00:00\" \/>\n<meta property=\"og:image\" content=\"https:\/\/www.psicologiacolmenar.es\/psicologo\/wp-content\/uploads\/2017\/11\/vacuna-contra-el-desanimo.jpg\" \/>\n\t<meta property=\"og:image:width\" content=\"700\" \/>\n\t<meta property=\"og:image:height\" content=\"359\" \/>\n\t<meta property=\"og:image:type\" content=\"image\/jpeg\" \/>\n<meta name=\"author\" content=\"Psicologo Colmenar Viejo\" \/>\n<meta name=\"twitter:card\" content=\"summary_large_image\" \/>\n<meta name=\"twitter:creator\" content=\"@jmsanmartinps1\" \/>\n<meta name=\"twitter:site\" content=\"@jmsanmartinps1\" \/>\n<meta name=\"twitter:label1\" content=\"Escrito por\" \/>\n\t<meta name=\"twitter:data1\" content=\"Psicologo Colmenar Viejo\" \/>\n\t<meta name=\"twitter:label2\" content=\"Tiempo de lectura\" \/>\n\t<meta name=\"twitter:data2\" content=\"3 minutos\" \/>\n<script type=\"application\/ld+json\" class=\"yoast-schema-graph\">{\"@context\":\"https:\\\/\\\/schema.org\",\"@graph\":[{\"@type\":\"Article\",\"@id\":\"https:\\\/\\\/www.psicologiacolmenar.es\\\/psicologo\\\/vacuna-contra-el-desanimo\\\/#article\",\"isPartOf\":{\"@id\":\"https:\\\/\\\/www.psicologiacolmenar.es\\\/psicologo\\\/vacuna-contra-el-desanimo\\\/\"},\"author\":{\"name\":\"Psicologo Colmenar Viejo\",\"@id\":\"https:\\\/\\\/www.psicologiacolmenar.es\\\/psicologo\\\/#\\\/schema\\\/person\\\/c14b55b6ab94baa638c4e455b0f5efcd\"},\"headline\":\"Vacuna contra el desanimo Salud emocional\",\"datePublished\":\"2017-11-23T16:00:03+00:00\",\"dateModified\":\"2019-03-18T12:03:04+00:00\",\"mainEntityOfPage\":{\"@id\":\"https:\\\/\\\/www.psicologiacolmenar.es\\\/psicologo\\\/vacuna-contra-el-desanimo\\\/\"},\"wordCount\":525,\"commentCount\":0,\"image\":{\"@id\":\"https:\\\/\\\/www.psicologiacolmenar.es\\\/psicologo\\\/vacuna-contra-el-desanimo\\\/#primaryimage\"},\"thumbnailUrl\":\"https:\\\/\\\/www.psicologiacolmenar.es\\\/psicologo\\\/wp-content\\\/uploads\\\/2017\\\/11\\\/vacuna-contra-el-desanimo.jpg\",\"keywords\":[\"actividades saludables\",\"bienestar\",\"depresion\",\"desanimo\",\"empoderamiento\",\"habitos saludables\",\"resilencia\"],\"articleSection\":[\"PAUTAS Y CONSEJOS PRACTICOS\",\"SALUD Y BIENESTAR\"],\"inLanguage\":\"es\",\"potentialAction\":[{\"@type\":\"CommentAction\",\"name\":\"Comment\",\"target\":[\"https:\\\/\\\/www.psicologiacolmenar.es\\\/psicologo\\\/vacuna-contra-el-desanimo\\\/#respond\"]}]},{\"@type\":\"WebPage\",\"@id\":\"https:\\\/\\\/www.psicologiacolmenar.es\\\/psicologo\\\/vacuna-contra-el-desanimo\\\/\",\"url\":\"https:\\\/\\\/www.psicologiacolmenar.es\\\/psicologo\\\/vacuna-contra-el-desanimo\\\/\",\"name\":\"Vacuna contra el desanimo - Psicologos en Colmenar Viejo Madrid\",\"isPartOf\":{\"@id\":\"https:\\\/\\\/www.psicologiacolmenar.es\\\/psicologo\\\/#website\"},\"primaryImageOfPage\":{\"@id\":\"https:\\\/\\\/www.psicologiacolmenar.es\\\/psicologo\\\/vacuna-contra-el-desanimo\\\/#primaryimage\"},\"image\":{\"@id\":\"https:\\\/\\\/www.psicologiacolmenar.es\\\/psicologo\\\/vacuna-contra-el-desanimo\\\/#primaryimage\"},\"thumbnailUrl\":\"https:\\\/\\\/www.psicologiacolmenar.es\\\/psicologo\\\/wp-content\\\/uploads\\\/2017\\\/11\\\/vacuna-contra-el-desanimo.jpg\",\"datePublished\":\"2017-11-23T16:00:03+00:00\",\"dateModified\":\"2019-03-18T12:03:04+00:00\",\"author\":{\"@id\":\"https:\\\/\\\/www.psicologiacolmenar.es\\\/psicologo\\\/#\\\/schema\\\/person\\\/c14b55b6ab94baa638c4e455b0f5efcd\"},\"description\":\"La tristeza, al igual que la alegr\u00eda, forma parte de las emociones presentes en la vida de las personas. Experimentar tristeza es normal y debemos...\",\"breadcrumb\":{\"@id\":\"https:\\\/\\\/www.psicologiacolmenar.es\\\/psicologo\\\/vacuna-contra-el-desanimo\\\/#breadcrumb\"},\"inLanguage\":\"es\",\"potentialAction\":[{\"@type\":\"ReadAction\",\"target\":[\"https:\\\/\\\/www.psicologiacolmenar.es\\\/psicologo\\\/vacuna-contra-el-desanimo\\\/\"]}]},{\"@type\":\"ImageObject\",\"inLanguage\":\"es\",\"@id\":\"https:\\\/\\\/www.psicologiacolmenar.es\\\/psicologo\\\/vacuna-contra-el-desanimo\\\/#primaryimage\",\"url\":\"https:\\\/\\\/www.psicologiacolmenar.es\\\/psicologo\\\/wp-content\\\/uploads\\\/2017\\\/11\\\/vacuna-contra-el-desanimo.jpg\",\"contentUrl\":\"https:\\\/\\\/www.psicologiacolmenar.es\\\/psicologo\\\/wp-content\\\/uploads\\\/2017\\\/11\\\/vacuna-contra-el-desanimo.jpg\",\"width\":700,\"height\":359},{\"@type\":\"BreadcrumbList\",\"@id\":\"https:\\\/\\\/www.psicologiacolmenar.es\\\/psicologo\\\/vacuna-contra-el-desanimo\\\/#breadcrumb\",\"itemListElement\":[{\"@type\":\"ListItem\",\"position\":1,\"name\":\"Portada\",\"item\":\"https:\\\/\\\/www.psicologiacolmenar.es\\\/psicologo\\\/\"},{\"@type\":\"ListItem\",\"position\":2,\"name\":\"Vacuna contra el desanimo Salud emocional\"}]},{\"@type\":\"WebSite\",\"@id\":\"https:\\\/\\\/www.psicologiacolmenar.es\\\/psicologo\\\/#website\",\"url\":\"https:\\\/\\\/www.psicologiacolmenar.es\\\/psicologo\\\/\",\"name\":\"Psicologos en Colmenar Viejo Madrid\",\"description\":\"Gabinete de psicologos y Centro de psicolog\u00eda en Colmenar Viejo\",\"potentialAction\":[{\"@type\":\"SearchAction\",\"target\":{\"@type\":\"EntryPoint\",\"urlTemplate\":\"https:\\\/\\\/www.psicologiacolmenar.es\\\/psicologo\\\/?s={search_term_string}\"},\"query-input\":{\"@type\":\"PropertyValueSpecification\",\"valueRequired\":true,\"valueName\":\"search_term_string\"}}],\"inLanguage\":\"es\"},{\"@type\":\"Person\",\"@id\":\"https:\\\/\\\/www.psicologiacolmenar.es\\\/psicologo\\\/#\\\/schema\\\/person\\\/c14b55b6ab94baa638c4e455b0f5efcd\",\"name\":\"Psicologo Colmenar Viejo\",\"url\":\"https:\\\/\\\/www.psicologiacolmenar.es\\\/psicologo\\\/author\\\/psicologo-colmenar-viejo\\\/\"}]}<\/script>\n<!-- \/ Yoast SEO Premium plugin. -->","yoast_head_json":{"title":"Vacuna contra el desanimo - Psicologos en Colmenar Viejo Madrid","description":"La tristeza, al igual que la alegr\u00eda, forma parte de las emociones presentes en la vida de las personas. Experimentar tristeza es normal y debemos...","robots":{"index":"index","follow":"follow","max-snippet":"max-snippet:-1","max-image-preview":"max-image-preview:large","max-video-preview":"max-video-preview:-1"},"canonical":"https:\/\/www.psicologiacolmenar.es\/psicologo\/vacuna-contra-el-desanimo\/","og_locale":"es_ES","og_type":"article","og_title":"Vacuna contra el desanimo","og_description":"Emociones La tristeza, al igual que la alegr\u00eda, forma parte de las emociones presentes en la vida de las personas. Experimentar tristeza es normal y","og_url":"https:\/\/www.psicologiacolmenar.es\/psicologo\/vacuna-contra-el-desanimo\/","og_site_name":"Psicologos en Colmenar Viejo Madrid","article_publisher":"https:\/\/www.facebook.com\/psicologocolmenar\/","article_published_time":"2017-11-23T16:00:03+00:00","article_modified_time":"2019-03-18T12:03:04+00:00","og_image":[{"width":700,"height":359,"url":"https:\/\/www.psicologiacolmenar.es\/psicologo\/wp-content\/uploads\/2017\/11\/vacuna-contra-el-desanimo.jpg","type":"image\/jpeg"}],"author":"Psicologo Colmenar Viejo","twitter_card":"summary_large_image","twitter_creator":"@jmsanmartinps1","twitter_site":"@jmsanmartinps1","twitter_misc":{"Escrito por":"Psicologo Colmenar Viejo","Tiempo de lectura":"3 minutos"},"schema":{"@context":"https:\/\/schema.org","@graph":[{"@type":"Article","@id":"https:\/\/www.psicologiacolmenar.es\/psicologo\/vacuna-contra-el-desanimo\/#article","isPartOf":{"@id":"https:\/\/www.psicologiacolmenar.es\/psicologo\/vacuna-contra-el-desanimo\/"},"author":{"name":"Psicologo Colmenar Viejo","@id":"https:\/\/www.psicologiacolmenar.es\/psicologo\/#\/schema\/person\/c14b55b6ab94baa638c4e455b0f5efcd"},"headline":"Vacuna contra el desanimo Salud emocional","datePublished":"2017-11-23T16:00:03+00:00","dateModified":"2019-03-18T12:03:04+00:00","mainEntityOfPage":{"@id":"https:\/\/www.psicologiacolmenar.es\/psicologo\/vacuna-contra-el-desanimo\/"},"wordCount":525,"commentCount":0,"image":{"@id":"https:\/\/www.psicologiacolmenar.es\/psicologo\/vacuna-contra-el-desanimo\/#primaryimage"},"thumbnailUrl":"https:\/\/www.psicologiacolmenar.es\/psicologo\/wp-content\/uploads\/2017\/11\/vacuna-contra-el-desanimo.jpg","keywords":["actividades saludables","bienestar","depresion","desanimo","empoderamiento","habitos saludables","resilencia"],"articleSection":["PAUTAS Y CONSEJOS PRACTICOS","SALUD Y BIENESTAR"],"inLanguage":"es","potentialAction":[{"@type":"CommentAction","name":"Comment","target":["https:\/\/www.psicologiacolmenar.es\/psicologo\/vacuna-contra-el-desanimo\/#respond"]}]},{"@type":"WebPage","@id":"https:\/\/www.psicologiacolmenar.es\/psicologo\/vacuna-contra-el-desanimo\/","url":"https:\/\/www.psicologiacolmenar.es\/psicologo\/vacuna-contra-el-desanimo\/","name":"Vacuna contra el desanimo - Psicologos en Colmenar Viejo Madrid","isPartOf":{"@id":"https:\/\/www.psicologiacolmenar.es\/psicologo\/#website"},"primaryImageOfPage":{"@id":"https:\/\/www.psicologiacolmenar.es\/psicologo\/vacuna-contra-el-desanimo\/#primaryimage"},"image":{"@id":"https:\/\/www.psicologiacolmenar.es\/psicologo\/vacuna-contra-el-desanimo\/#primaryimage"},"thumbnailUrl":"https:\/\/www.psicologiacolmenar.es\/psicologo\/wp-content\/uploads\/2017\/11\/vacuna-contra-el-desanimo.jpg","datePublished":"2017-11-23T16:00:03+00:00","dateModified":"2019-03-18T12:03:04+00:00","author":{"@id":"https:\/\/www.psicologiacolmenar.es\/psicologo\/#\/schema\/person\/c14b55b6ab94baa638c4e455b0f5efcd"},"description":"La tristeza, al igual que la alegr\u00eda, forma parte de las emociones presentes en la vida de las personas. Experimentar tristeza es normal y debemos...","breadcrumb":{"@id":"https:\/\/www.psicologiacolmenar.es\/psicologo\/vacuna-contra-el-desanimo\/#breadcrumb"},"inLanguage":"es","potentialAction":[{"@type":"ReadAction","target":["https:\/\/www.psicologiacolmenar.es\/psicologo\/vacuna-contra-el-desanimo\/"]}]},{"@type":"ImageObject","inLanguage":"es","@id":"https:\/\/www.psicologiacolmenar.es\/psicologo\/vacuna-contra-el-desanimo\/#primaryimage","url":"https:\/\/www.psicologiacolmenar.es\/psicologo\/wp-content\/uploads\/2017\/11\/vacuna-contra-el-desanimo.jpg","contentUrl":"https:\/\/www.psicologiacolmenar.es\/psicologo\/wp-content\/uploads\/2017\/11\/vacuna-contra-el-desanimo.jpg","width":700,"height":359},{"@type":"BreadcrumbList","@id":"https:\/\/www.psicologiacolmenar.es\/psicologo\/vacuna-contra-el-desanimo\/#breadcrumb","itemListElement":[{"@type":"ListItem","position":1,"name":"Portada","item":"https:\/\/www.psicologiacolmenar.es\/psicologo\/"},{"@type":"ListItem","position":2,"name":"Vacuna contra el desanimo Salud emocional"}]},{"@type":"WebSite","@id":"https:\/\/www.psicologiacolmenar.es\/psicologo\/#website","url":"https:\/\/www.psicologiacolmenar.es\/psicologo\/","name":"Psicologos en Colmenar Viejo Madrid","description":"Gabinete de psicologos y Centro de psicolog\u00eda en Colmenar Viejo","potentialAction":[{"@type":"SearchAction","target":{"@type":"EntryPoint","urlTemplate":"https:\/\/www.psicologiacolmenar.es\/psicologo\/?s={search_term_string}"},"query-input":{"@type":"PropertyValueSpecification","valueRequired":true,"valueName":"search_term_string"}}],"inLanguage":"es"},{"@type":"Person","@id":"https:\/\/www.psicologiacolmenar.es\/psicologo\/#\/schema\/person\/c14b55b6ab94baa638c4e455b0f5efcd","name":"Psicologo Colmenar Viejo","url":"https:\/\/www.psicologiacolmenar.es\/psicologo\/author\/psicologo-colmenar-viejo\/"}]}},"_links":{"self":[{"href":"https:\/\/www.psicologiacolmenar.es\/psicologo\/wp-json\/wp\/v2\/posts\/775","targetHints":{"allow":["GET"]}}],"collection":[{"href":"https:\/\/www.psicologiacolmenar.es\/psicologo\/wp-json\/wp\/v2\/posts"}],"about":[{"href":"https:\/\/www.psicologiacolmenar.es\/psicologo\/wp-json\/wp\/v2\/types\/post"}],"author":[{"embeddable":true,"href":"https:\/\/www.psicologiacolmenar.es\/psicologo\/wp-json\/wp\/v2\/users\/2"}],"replies":[{"embeddable":true,"href":"https:\/\/www.psicologiacolmenar.es\/psicologo\/wp-json\/wp\/v2\/comments?post=775"}],"version-history":[{"count":3,"href":"https:\/\/www.psicologiacolmenar.es\/psicologo\/wp-json\/wp\/v2\/posts\/775\/revisions"}],"predecessor-version":[{"id":1139,"href":"https:\/\/www.psicologiacolmenar.es\/psicologo\/wp-json\/wp\/v2\/posts\/775\/revisions\/1139"}],"wp:featuredmedia":[{"embeddable":true,"href":"https:\/\/www.psicologiacolmenar.es\/psicologo\/wp-json\/wp\/v2\/media\/776"}],"wp:attachment":[{"href":"https:\/\/www.psicologiacolmenar.es\/psicologo\/wp-json\/wp\/v2\/media?parent=775"}],"wp:term":[{"taxonomy":"category","embeddable":true,"href":"https:\/\/www.psicologiacolmenar.es\/psicologo\/wp-json\/wp\/v2\/categories?post=775"},{"taxonomy":"post_tag","embeddable":true,"href":"https:\/\/www.psicologiacolmenar.es\/psicologo\/wp-json\/wp\/v2\/tags?post=775"}],"curies":[{"name":"wp","href":"https:\/\/api.w.org\/{rel}","templated":true}]}}