{"id":789,"date":"2017-12-05T13:19:41","date_gmt":"2017-12-05T13:19:41","guid":{"rendered":"http:\/\/psicologiacolmenar.es\/psicologo\/?p=789"},"modified":"2019-04-02T12:36:08","modified_gmt":"2019-04-02T12:36:08","slug":"medicina-preventiva-en-los-mayores","status":"publish","type":"post","link":"https:\/\/www.psicologiacolmenar.es\/psicologo\/medicina-preventiva-en-los-mayores\/","title":{"rendered":"<h2>Medicina preventiva en los mayores<\/h2> <h4>Mayores y salud<\/h4>"},"content":{"rendered":"<h2><strong>Medicina preventiva\u00a0<\/strong><\/h2>\n<p>El desarrollo de infecciones en las personas de edad avanzada tiene gran importancia, tanto por su alta incidencia como por sus consecuencias a corto y largo plazo.<\/p>\n<p>Muchos de los s\u00edndromes geri\u00e1tricos pueden ser desencadenados o agravados por la presencia de infecciones en el mayor, en especial en el caso de personas fr\u00e1giles o con m\u00faltiples patolog\u00edas.<\/p>\n<p>Los cambios en el sistema inmunitario debidos al proceso de envejecimiento, los cambios en la estructura y composici\u00f3n de la piel y las mucosas, y las posibilidades de defensa y recuperaci\u00f3n ante la agresi\u00f3n que representa una infecci\u00f3n, hace, que \u00e9stas, puedan tener consecuencias mucho m\u00e1s importantes que en el caso de los adultos j\u00f3venes.<\/p>\n<h2><strong>Prevenci\u00f3n primaria<\/strong><\/h2>\n<p>Es por ello que la <a href=\"https:\/\/es.wikipedia.org\/wiki\/Prevenci\u00f3n_primaria\" target=\"_blank\" rel=\"noopener\">prevenci\u00f3n primaria<\/a> (evitar la enfermedad antes de que aparezca) es la principal medida contra las infecciones en las personas mayores. As\u00ed, adem\u00e1s de la necesidad de mantener un \u00f3ptimo estado nutricional y de hidrataci\u00f3n y del control de todas las posibles enfermedades y afecciones de base, es de especial importancia para los mayores el tema de la vacunaci\u00f3n.<\/p>\n<h2><strong>Principales inmunizaciones<\/strong><\/h2>\n<p>Las principales inmunizaciones recomendadas en las personas mayores son:<\/p>\n<p>Vacuna antigripal<br \/>\nEl virus de la gripe es responsable de bastantes casos de enfermedad entre la poblaci\u00f3n de adultos mayores, desgraciadamente con un alto \u00edndice de mortalidad. Puede ser un proceso grave, con patolog\u00edas cardiacas, respiratorias o metab\u00f3licas. Asimismo, puede ser la antesala de una complicaci\u00f3n bacteriana como una neumon\u00eda, posterior a la infecci\u00f3n por el virus de la gripe.<br \/>\nLa vacunaci\u00f3n anual antigripal en personas mayores de 65 a\u00f1os, siempre que no haya una contraindicaci\u00f3n, es una medida recomendada dada la eficacia, seguridad y tolerabilidad de esta vacuna.<\/p>\n<p>Vacuna antitet\u00e1nica<br \/>\nEl t\u00e9tanos es una enfermedad muy grave y de alta mortalidad, pero es ya una enfermedad muy infrecuente en los pa\u00edses desarrollados. No obstante, m\u00e1s de la mitad de los casos todav\u00eda existentes se dan en mayores, por lo que la revacunaci\u00f3n antitet\u00e1nica de los adultos cada 10 a\u00f1os, es una medida recomendable, as\u00ed como la vacunaci\u00f3n primaria si no hay contraindicaci\u00f3n. Por tanto, es recomendable indagar en la situaci\u00f3n de vacunaci\u00f3n de las personas mayores.<\/p>\n<p>Vacuna antineumoc\u00f3cica<br \/>\nEl neumococo es una bacteria causante de un importante n\u00famero de infecciones como neumon\u00eda y meningitis entre otras. Muchas de estas infecciones se dan especialmente en mayores de 65 a\u00f1os, entre otras personas de riesgo.<br \/>\nLa administraci\u00f3n de la vacuna en los mayores de 65 a\u00f1os con factores de riesgo que favorecen esta infecci\u00f3n es una medida recomendable que se est\u00e1 imponiendo paulatinamente.<\/p>\n<h2><strong>Otras acciones importantes<\/strong><\/h2>\n<p>Otras acciones importantes para la prevenci\u00f3n de enfermedades infecciosas son:<br \/>\nMantener unos h\u00e1bitos higi\u00e9nicos correctos, haciendo especial hincapi\u00e9 en el lavado de manos peri\u00f3dico y en el cuidado de los pies.<br \/>\nUna correcta nutrici\u00f3n, la pr\u00e1ctica de ejercicio f\u00edsico regular y el control de las enfermedades concomitantes van a disminuir la presencia de fragilidad en el mayor, causa y consecuencia de infecciones.<\/p>\n<p><a href=\"https:\/\/psicologiacolmenar.es\/psicologo\/psicologo-colmenar-viejo\/\" target=\"_blank\" rel=\"noopener\">J. Miguel San Mart\u00edn<\/a>. Psic\u00f3logo Sanitario.<\/p>\n","protected":false},"excerpt":{"rendered":"<p>Medicina preventiva\u00a0 El desarrollo de infecciones en las personas de edad avanzada tiene gran importancia, tanto por su alta incidencia como por sus consecuencias a corto y largo plazo. Muchos de los s\u00edndromes geri\u00e1tricos pueden ser desencadenados o agravados por la presencia de infecciones en el mayor, en especial en el caso de personas fr\u00e1giles [&hellip;]<\/p>\n","protected":false},"author":2,"featured_media":790,"comment_status":"open","ping_status":"open","sticky":false,"template":"","format":"standard","meta":{"_et_pb_use_builder":"","_et_pb_old_content":"","_et_gb_content_width":"","footnotes":""},"categories":[303],"tags":[121,123,124,8,122,120],"class_list":["post-789","post","type-post","status-publish","format-standard","has-post-thumbnail","hentry","category-tercera-edad","tag-enfermedada-preventiva","tag-gripe","tag-infecciones","tag-mayores","tag-prevencion","tag-vacunacion"],"yoast_head":"<!-- This site is optimized with the Yoast SEO Premium plugin v19.2.1 (Yoast SEO v27.5) - https:\/\/yoast.com\/product\/yoast-seo-premium-wordpress\/ -->\n<title>Medicina preventiva en los mayores - Psicologos en Colmenar Viejo Madrid<\/title>\n<meta name=\"description\" content=\"El desarrollo de infecciones en las personas de edad avanzada tiene gran importancia, tanto por su alta incidencia como por sus consecuencias a corto y ...\" \/>\n<meta name=\"robots\" content=\"index, follow, max-snippet:-1, max-image-preview:large, max-video-preview:-1\" \/>\n<link rel=\"canonical\" href=\"https:\/\/www.psicologiacolmenar.es\/psicologo\/medicina-preventiva-en-los-mayores\/\" \/>\n<meta property=\"og:locale\" content=\"es_ES\" \/>\n<meta property=\"og:type\" content=\"article\" \/>\n<meta property=\"og:title\" content=\"Medicina preventiva en los mayores\" \/>\n<meta property=\"og:description\" content=\"Medicina preventiva\u00a0 El desarrollo de infecciones en las personas de edad avanzada tiene gran importancia, tanto por su alta incidencia como por sus\" \/>\n<meta property=\"og:url\" content=\"https:\/\/www.psicologiacolmenar.es\/psicologo\/medicina-preventiva-en-los-mayores\/\" \/>\n<meta property=\"og:site_name\" content=\"Psicologos en Colmenar Viejo Madrid\" \/>\n<meta property=\"article:publisher\" content=\"https:\/\/www.facebook.com\/psicologocolmenar\/\" \/>\n<meta property=\"article:published_time\" content=\"2017-12-05T13:19:41+00:00\" \/>\n<meta property=\"article:modified_time\" content=\"2019-04-02T12:36:08+00:00\" \/>\n<meta property=\"og:image\" content=\"https:\/\/www.psicologiacolmenar.es\/psicologo\/wp-content\/uploads\/2017\/12\/MEDICINA-PREVENTIVA.jpg\" \/>\n\t<meta property=\"og:image:width\" content=\"1424\" \/>\n\t<meta property=\"og:image:height\" content=\"884\" \/>\n\t<meta property=\"og:image:type\" content=\"image\/jpeg\" \/>\n<meta name=\"author\" content=\"Psicologo Colmenar Viejo\" \/>\n<meta name=\"twitter:card\" content=\"summary_large_image\" \/>\n<meta name=\"twitter:creator\" content=\"@jmsanmartinps1\" \/>\n<meta name=\"twitter:site\" content=\"@jmsanmartinps1\" \/>\n<meta name=\"twitter:label1\" content=\"Escrito por\" \/>\n\t<meta name=\"twitter:data1\" content=\"Psicologo Colmenar Viejo\" \/>\n\t<meta name=\"twitter:label2\" content=\"Tiempo de lectura\" \/>\n\t<meta name=\"twitter:data2\" content=\"3 minutos\" \/>\n<script type=\"application\/ld+json\" class=\"yoast-schema-graph\">{\"@context\":\"https:\\\/\\\/schema.org\",\"@graph\":[{\"@type\":\"Article\",\"@id\":\"https:\\\/\\\/www.psicologiacolmenar.es\\\/psicologo\\\/medicina-preventiva-en-los-mayores\\\/#article\",\"isPartOf\":{\"@id\":\"https:\\\/\\\/www.psicologiacolmenar.es\\\/psicologo\\\/medicina-preventiva-en-los-mayores\\\/\"},\"author\":{\"name\":\"Psicologo Colmenar Viejo\",\"@id\":\"https:\\\/\\\/www.psicologiacolmenar.es\\\/psicologo\\\/#\\\/schema\\\/person\\\/c14b55b6ab94baa638c4e455b0f5efcd\"},\"headline\":\"Medicina preventiva en los mayores Mayores y salud\",\"datePublished\":\"2017-12-05T13:19:41+00:00\",\"dateModified\":\"2019-04-02T12:36:08+00:00\",\"mainEntityOfPage\":{\"@id\":\"https:\\\/\\\/www.psicologiacolmenar.es\\\/psicologo\\\/medicina-preventiva-en-los-mayores\\\/\"},\"wordCount\":547,\"commentCount\":0,\"image\":{\"@id\":\"https:\\\/\\\/www.psicologiacolmenar.es\\\/psicologo\\\/medicina-preventiva-en-los-mayores\\\/#primaryimage\"},\"thumbnailUrl\":\"https:\\\/\\\/www.psicologiacolmenar.es\\\/psicologo\\\/wp-content\\\/uploads\\\/2017\\\/12\\\/MEDICINA-PREVENTIVA.jpg\",\"keywords\":[\"enfermedada preventiva\",\"gripe\",\"infecciones\",\"mayores\",\"prevenci\u00f3n\",\"vacunacion\"],\"articleSection\":[\"TERCERA EDAD\"],\"inLanguage\":\"es\",\"potentialAction\":[{\"@type\":\"CommentAction\",\"name\":\"Comment\",\"target\":[\"https:\\\/\\\/www.psicologiacolmenar.es\\\/psicologo\\\/medicina-preventiva-en-los-mayores\\\/#respond\"]}]},{\"@type\":\"WebPage\",\"@id\":\"https:\\\/\\\/www.psicologiacolmenar.es\\\/psicologo\\\/medicina-preventiva-en-los-mayores\\\/\",\"url\":\"https:\\\/\\\/www.psicologiacolmenar.es\\\/psicologo\\\/medicina-preventiva-en-los-mayores\\\/\",\"name\":\"Medicina preventiva en los mayores - Psicologos en Colmenar Viejo Madrid\",\"isPartOf\":{\"@id\":\"https:\\\/\\\/www.psicologiacolmenar.es\\\/psicologo\\\/#website\"},\"primaryImageOfPage\":{\"@id\":\"https:\\\/\\\/www.psicologiacolmenar.es\\\/psicologo\\\/medicina-preventiva-en-los-mayores\\\/#primaryimage\"},\"image\":{\"@id\":\"https:\\\/\\\/www.psicologiacolmenar.es\\\/psicologo\\\/medicina-preventiva-en-los-mayores\\\/#primaryimage\"},\"thumbnailUrl\":\"https:\\\/\\\/www.psicologiacolmenar.es\\\/psicologo\\\/wp-content\\\/uploads\\\/2017\\\/12\\\/MEDICINA-PREVENTIVA.jpg\",\"datePublished\":\"2017-12-05T13:19:41+00:00\",\"dateModified\":\"2019-04-02T12:36:08+00:00\",\"author\":{\"@id\":\"https:\\\/\\\/www.psicologiacolmenar.es\\\/psicologo\\\/#\\\/schema\\\/person\\\/c14b55b6ab94baa638c4e455b0f5efcd\"},\"description\":\"El desarrollo de infecciones en las personas de edad avanzada tiene gran importancia, tanto por su alta incidencia como por sus consecuencias a corto y ...\",\"breadcrumb\":{\"@id\":\"https:\\\/\\\/www.psicologiacolmenar.es\\\/psicologo\\\/medicina-preventiva-en-los-mayores\\\/#breadcrumb\"},\"inLanguage\":\"es\",\"potentialAction\":[{\"@type\":\"ReadAction\",\"target\":[\"https:\\\/\\\/www.psicologiacolmenar.es\\\/psicologo\\\/medicina-preventiva-en-los-mayores\\\/\"]}]},{\"@type\":\"ImageObject\",\"inLanguage\":\"es\",\"@id\":\"https:\\\/\\\/www.psicologiacolmenar.es\\\/psicologo\\\/medicina-preventiva-en-los-mayores\\\/#primaryimage\",\"url\":\"https:\\\/\\\/www.psicologiacolmenar.es\\\/psicologo\\\/wp-content\\\/uploads\\\/2017\\\/12\\\/MEDICINA-PREVENTIVA.jpg\",\"contentUrl\":\"https:\\\/\\\/www.psicologiacolmenar.es\\\/psicologo\\\/wp-content\\\/uploads\\\/2017\\\/12\\\/MEDICINA-PREVENTIVA.jpg\",\"width\":1424,\"height\":884,\"caption\":\"prevencion primaria\"},{\"@type\":\"BreadcrumbList\",\"@id\":\"https:\\\/\\\/www.psicologiacolmenar.es\\\/psicologo\\\/medicina-preventiva-en-los-mayores\\\/#breadcrumb\",\"itemListElement\":[{\"@type\":\"ListItem\",\"position\":1,\"name\":\"Portada\",\"item\":\"https:\\\/\\\/www.psicologiacolmenar.es\\\/psicologo\\\/\"},{\"@type\":\"ListItem\",\"position\":2,\"name\":\"Medicina preventiva en los mayores Mayores y salud\"}]},{\"@type\":\"WebSite\",\"@id\":\"https:\\\/\\\/www.psicologiacolmenar.es\\\/psicologo\\\/#website\",\"url\":\"https:\\\/\\\/www.psicologiacolmenar.es\\\/psicologo\\\/\",\"name\":\"Psicologos en Colmenar Viejo Madrid\",\"description\":\"Gabinete de psicologos y Centro de psicolog\u00eda en Colmenar Viejo\",\"potentialAction\":[{\"@type\":\"SearchAction\",\"target\":{\"@type\":\"EntryPoint\",\"urlTemplate\":\"https:\\\/\\\/www.psicologiacolmenar.es\\\/psicologo\\\/?s={search_term_string}\"},\"query-input\":{\"@type\":\"PropertyValueSpecification\",\"valueRequired\":true,\"valueName\":\"search_term_string\"}}],\"inLanguage\":\"es\"},{\"@type\":\"Person\",\"@id\":\"https:\\\/\\\/www.psicologiacolmenar.es\\\/psicologo\\\/#\\\/schema\\\/person\\\/c14b55b6ab94baa638c4e455b0f5efcd\",\"name\":\"Psicologo Colmenar Viejo\",\"url\":\"https:\\\/\\\/www.psicologiacolmenar.es\\\/psicologo\\\/author\\\/psicologo-colmenar-viejo\\\/\"}]}<\/script>\n<!-- \/ Yoast SEO Premium plugin. -->","yoast_head_json":{"title":"Medicina preventiva en los mayores - Psicologos en Colmenar Viejo Madrid","description":"El desarrollo de infecciones en las personas de edad avanzada tiene gran importancia, tanto por su alta incidencia como por sus consecuencias a corto y ...","robots":{"index":"index","follow":"follow","max-snippet":"max-snippet:-1","max-image-preview":"max-image-preview:large","max-video-preview":"max-video-preview:-1"},"canonical":"https:\/\/www.psicologiacolmenar.es\/psicologo\/medicina-preventiva-en-los-mayores\/","og_locale":"es_ES","og_type":"article","og_title":"Medicina preventiva en los mayores","og_description":"Medicina preventiva\u00a0 El desarrollo de infecciones en las personas de edad avanzada tiene gran importancia, tanto por su alta incidencia como por sus","og_url":"https:\/\/www.psicologiacolmenar.es\/psicologo\/medicina-preventiva-en-los-mayores\/","og_site_name":"Psicologos en Colmenar Viejo Madrid","article_publisher":"https:\/\/www.facebook.com\/psicologocolmenar\/","article_published_time":"2017-12-05T13:19:41+00:00","article_modified_time":"2019-04-02T12:36:08+00:00","og_image":[{"width":1424,"height":884,"url":"https:\/\/www.psicologiacolmenar.es\/psicologo\/wp-content\/uploads\/2017\/12\/MEDICINA-PREVENTIVA.jpg","type":"image\/jpeg"}],"author":"Psicologo Colmenar Viejo","twitter_card":"summary_large_image","twitter_creator":"@jmsanmartinps1","twitter_site":"@jmsanmartinps1","twitter_misc":{"Escrito por":"Psicologo Colmenar Viejo","Tiempo de lectura":"3 minutos"},"schema":{"@context":"https:\/\/schema.org","@graph":[{"@type":"Article","@id":"https:\/\/www.psicologiacolmenar.es\/psicologo\/medicina-preventiva-en-los-mayores\/#article","isPartOf":{"@id":"https:\/\/www.psicologiacolmenar.es\/psicologo\/medicina-preventiva-en-los-mayores\/"},"author":{"name":"Psicologo Colmenar Viejo","@id":"https:\/\/www.psicologiacolmenar.es\/psicologo\/#\/schema\/person\/c14b55b6ab94baa638c4e455b0f5efcd"},"headline":"Medicina preventiva en los mayores Mayores y salud","datePublished":"2017-12-05T13:19:41+00:00","dateModified":"2019-04-02T12:36:08+00:00","mainEntityOfPage":{"@id":"https:\/\/www.psicologiacolmenar.es\/psicologo\/medicina-preventiva-en-los-mayores\/"},"wordCount":547,"commentCount":0,"image":{"@id":"https:\/\/www.psicologiacolmenar.es\/psicologo\/medicina-preventiva-en-los-mayores\/#primaryimage"},"thumbnailUrl":"https:\/\/www.psicologiacolmenar.es\/psicologo\/wp-content\/uploads\/2017\/12\/MEDICINA-PREVENTIVA.jpg","keywords":["enfermedada preventiva","gripe","infecciones","mayores","prevenci\u00f3n","vacunacion"],"articleSection":["TERCERA EDAD"],"inLanguage":"es","potentialAction":[{"@type":"CommentAction","name":"Comment","target":["https:\/\/www.psicologiacolmenar.es\/psicologo\/medicina-preventiva-en-los-mayores\/#respond"]}]},{"@type":"WebPage","@id":"https:\/\/www.psicologiacolmenar.es\/psicologo\/medicina-preventiva-en-los-mayores\/","url":"https:\/\/www.psicologiacolmenar.es\/psicologo\/medicina-preventiva-en-los-mayores\/","name":"Medicina preventiva en los mayores - Psicologos en Colmenar Viejo Madrid","isPartOf":{"@id":"https:\/\/www.psicologiacolmenar.es\/psicologo\/#website"},"primaryImageOfPage":{"@id":"https:\/\/www.psicologiacolmenar.es\/psicologo\/medicina-preventiva-en-los-mayores\/#primaryimage"},"image":{"@id":"https:\/\/www.psicologiacolmenar.es\/psicologo\/medicina-preventiva-en-los-mayores\/#primaryimage"},"thumbnailUrl":"https:\/\/www.psicologiacolmenar.es\/psicologo\/wp-content\/uploads\/2017\/12\/MEDICINA-PREVENTIVA.jpg","datePublished":"2017-12-05T13:19:41+00:00","dateModified":"2019-04-02T12:36:08+00:00","author":{"@id":"https:\/\/www.psicologiacolmenar.es\/psicologo\/#\/schema\/person\/c14b55b6ab94baa638c4e455b0f5efcd"},"description":"El desarrollo de infecciones en las personas de edad avanzada tiene gran importancia, tanto por su alta incidencia como por sus consecuencias a corto y ...","breadcrumb":{"@id":"https:\/\/www.psicologiacolmenar.es\/psicologo\/medicina-preventiva-en-los-mayores\/#breadcrumb"},"inLanguage":"es","potentialAction":[{"@type":"ReadAction","target":["https:\/\/www.psicologiacolmenar.es\/psicologo\/medicina-preventiva-en-los-mayores\/"]}]},{"@type":"ImageObject","inLanguage":"es","@id":"https:\/\/www.psicologiacolmenar.es\/psicologo\/medicina-preventiva-en-los-mayores\/#primaryimage","url":"https:\/\/www.psicologiacolmenar.es\/psicologo\/wp-content\/uploads\/2017\/12\/MEDICINA-PREVENTIVA.jpg","contentUrl":"https:\/\/www.psicologiacolmenar.es\/psicologo\/wp-content\/uploads\/2017\/12\/MEDICINA-PREVENTIVA.jpg","width":1424,"height":884,"caption":"prevencion primaria"},{"@type":"BreadcrumbList","@id":"https:\/\/www.psicologiacolmenar.es\/psicologo\/medicina-preventiva-en-los-mayores\/#breadcrumb","itemListElement":[{"@type":"ListItem","position":1,"name":"Portada","item":"https:\/\/www.psicologiacolmenar.es\/psicologo\/"},{"@type":"ListItem","position":2,"name":"Medicina preventiva en los mayores Mayores y salud"}]},{"@type":"WebSite","@id":"https:\/\/www.psicologiacolmenar.es\/psicologo\/#website","url":"https:\/\/www.psicologiacolmenar.es\/psicologo\/","name":"Psicologos en Colmenar Viejo Madrid","description":"Gabinete de psicologos y Centro de psicolog\u00eda en Colmenar Viejo","potentialAction":[{"@type":"SearchAction","target":{"@type":"EntryPoint","urlTemplate":"https:\/\/www.psicologiacolmenar.es\/psicologo\/?s={search_term_string}"},"query-input":{"@type":"PropertyValueSpecification","valueRequired":true,"valueName":"search_term_string"}}],"inLanguage":"es"},{"@type":"Person","@id":"https:\/\/www.psicologiacolmenar.es\/psicologo\/#\/schema\/person\/c14b55b6ab94baa638c4e455b0f5efcd","name":"Psicologo Colmenar Viejo","url":"https:\/\/www.psicologiacolmenar.es\/psicologo\/author\/psicologo-colmenar-viejo\/"}]}},"_links":{"self":[{"href":"https:\/\/www.psicologiacolmenar.es\/psicologo\/wp-json\/wp\/v2\/posts\/789","targetHints":{"allow":["GET"]}}],"collection":[{"href":"https:\/\/www.psicologiacolmenar.es\/psicologo\/wp-json\/wp\/v2\/posts"}],"about":[{"href":"https:\/\/www.psicologiacolmenar.es\/psicologo\/wp-json\/wp\/v2\/types\/post"}],"author":[{"embeddable":true,"href":"https:\/\/www.psicologiacolmenar.es\/psicologo\/wp-json\/wp\/v2\/users\/2"}],"replies":[{"embeddable":true,"href":"https:\/\/www.psicologiacolmenar.es\/psicologo\/wp-json\/wp\/v2\/comments?post=789"}],"version-history":[{"count":3,"href":"https:\/\/www.psicologiacolmenar.es\/psicologo\/wp-json\/wp\/v2\/posts\/789\/revisions"}],"predecessor-version":[{"id":1146,"href":"https:\/\/www.psicologiacolmenar.es\/psicologo\/wp-json\/wp\/v2\/posts\/789\/revisions\/1146"}],"wp:featuredmedia":[{"embeddable":true,"href":"https:\/\/www.psicologiacolmenar.es\/psicologo\/wp-json\/wp\/v2\/media\/790"}],"wp:attachment":[{"href":"https:\/\/www.psicologiacolmenar.es\/psicologo\/wp-json\/wp\/v2\/media?parent=789"}],"wp:term":[{"taxonomy":"category","embeddable":true,"href":"https:\/\/www.psicologiacolmenar.es\/psicologo\/wp-json\/wp\/v2\/categories?post=789"},{"taxonomy":"post_tag","embeddable":true,"href":"https:\/\/www.psicologiacolmenar.es\/psicologo\/wp-json\/wp\/v2\/tags?post=789"}],"curies":[{"name":"wp","href":"https:\/\/api.w.org\/{rel}","templated":true}]}}