{"id":792,"date":"2017-12-12T10:12:18","date_gmt":"2017-12-12T10:12:18","guid":{"rendered":"http:\/\/psicologiacolmenar.es\/psicologo\/?p=792"},"modified":"2018-10-04T10:12:22","modified_gmt":"2018-10-04T10:12:22","slug":"cuidados-ante-el-frio","status":"publish","type":"post","link":"https:\/\/www.psicologiacolmenar.es\/psicologo\/cuidados-ante-el-frio\/","title":{"rendered":"Cuidados ante el fr\u00edo"},"content":{"rendered":"<p>En invierno las bajas temperaturas suponen un riesgo para la salud y son, en buena medida, responsables del mayor n\u00famero de ingresos hospitalarios. Existe un fen\u00f3meno de adaptaci\u00f3n y aclimataci\u00f3n ante el fr\u00edo, hay una adaptaci\u00f3n fisiol\u00f3gica del organismo; pero adem\u00e1s, de la vivienda, de h\u00e1bitos alimentarios, de sistemas de calefacci\u00f3n y aislamiento de las viviendas, de costumbres sociales, etc.<br \/>\nCuando la temperatura m\u00e1xima no alcanza los 6\u00ba C., desde un punto de vista sanitario, se debe de planificar y adoptar medidas preventivas.<br \/>\nEl fr\u00edo intenso provoca una serie de alteraciones en el funcionamiento del organismo (estrechamiento de los vasos sangu\u00edneos y bronquios, aumento de la tensi\u00f3n arterial, de la viscosidad de la sangre, etc.) que contribuyen al desencadenamiento o agravamiento de enfermedades cardiovasculares y respiratorias. Tambi\u00e9n las personas con enfermedades reum\u00e1ticas notan un aumento de su sintomatolog\u00eda. Adem\u00e1s, el fr\u00edo favorece los resfriados, infecciones bronquiales, gripe etc., que se difunden con mayor facilidad al aumentar en invierno las aglomeraciones en espacios cerrados.<br \/>\nLos grupos m\u00e1s vulnerables al fr\u00edo son los ancianos y las personas que padecen diversas dolencias cr\u00f3nicas, sobre todo card\u00edacas o respiratorias; en el otro extremo de la vida, los beb\u00e9s expuestos son sumamente vulnerables.<br \/>\nPara protegerse del fr\u00edo resulta muy \u00fatil mantenerse informado de la situaci\u00f3n meteorol\u00f3gica a trav\u00e9s de los servicios informativos, conviene disponer de un term\u00f3metro en la casa para el control de la temperatura, tener un buen aislamiento t\u00e9rmico de la vivienda y utilizar el sistema de calefacci\u00f3n con objeto de mantener una temperatura de unos 21\u00baC durante el d\u00eda y 18\u00baC al acostarse.<br \/>\nLos alimentos proporcionan calor a nuestro cuerpo. El fr\u00edo hace que aumenten las necesidades cal\u00f3ricas y por tanto el consumo de alimentos, conviene hacer comidas calientes que aporten la energ\u00eda necesaria (legumbres, sopa de pasta, etc.), sin renunciar a una alimentaci\u00f3n variada que incluya el resto de alimentos (verduras, fruta, carne, huevos, pescado, cereales, leche, etc.). A lo largo del d\u00eda, y antes de acostarse, una taza de alguna bebida caliente (caldo, cacao, t\u00e9, leche) ayuda a mantener la temperatura corporal y es muy reconfortante. Debemos limitar al m\u00e1ximo las actividades exteriores, especialmente si se pertenece a alg\u00fan grupo de riesgo. Si es preciso salir al exterior, es conveniente ir bien abrigado con prendas resistentes al viento y la humedad y respirar por la nariz para evitar que el aire frio entre directamente a los pulmones.<br \/>\nCuidado con el hielo en las calles. Un elevado porcentaje de lesiones relacionadas con el fr\u00edo tiene que ver con ca\u00eddas al resbalar sobre placas de hielo. Esto es de especial importancia en el caso de las personas mayores cuyos huesos son muy fr\u00e1giles y una ca\u00edda puede suponer una fractura de cadera o de otros huesos. Utilizar calzado antideslizante si es posible.<br \/>\nEs importante que los mayores de 60 a\u00f1os o los que padecen de alguna enfermedad cr\u00f3nica del coraz\u00f3n, pulmones, ri\u00f1ones, diabetes, etc. se vacunen de la gripe durante el oto\u00f1o.<br \/>\nJ. Miguel San Mart\u00edn Rodr\u00edguez. Psic\u00f3logo sanitario.<\/p>\n","protected":false},"excerpt":{"rendered":"<p>En invierno las bajas temperaturas suponen un riesgo para la salud y son, en buena medida, responsables del mayor n\u00famero de ingresos hospitalarios. Existe un fen\u00f3meno de adaptaci\u00f3n y aclimataci\u00f3n ante el fr\u00edo, hay una adaptaci\u00f3n fisiol\u00f3gica del organismo; pero adem\u00e1s, de la vivienda, de h\u00e1bitos alimentarios, de sistemas de calefacci\u00f3n y aislamiento de las [&hellip;]<\/p>\n","protected":false},"author":2,"featured_media":793,"comment_status":"open","ping_status":"open","sticky":false,"template":"","format":"standard","meta":{"_et_pb_use_builder":"","_et_pb_old_content":"","_et_gb_content_width":"","footnotes":""},"categories":[304],"tags":[127,129,125,131,126,123,130,128,132],"class_list":["post-792","post","type-post","status-publish","format-standard","has-post-thumbnail","hentry","category-pautas-y-consejos-practicos","tag-alimentacion","tag-bajas-temperaturas","tag-cuidados","tag-enfermedades-respiratorias","tag-frio","tag-gripe","tag-hielo","tag-poblacion-de-riesgo","tag-resfriados"],"yoast_head":"<!-- This site is optimized with the Yoast SEO Premium plugin v19.2.1 (Yoast SEO v27.5) - https:\/\/yoast.com\/product\/yoast-seo-premium-wordpress\/ -->\n<title>Cuidados ante el fr\u00edo - Psicologos en Colmenar Viejo Madrid<\/title>\n<meta name=\"description\" content=\"psicologo colmenar viejo\" \/>\n<meta name=\"robots\" content=\"index, follow, max-snippet:-1, max-image-preview:large, max-video-preview:-1\" \/>\n<link rel=\"canonical\" href=\"https:\/\/www.psicologiacolmenar.es\/psicologo\/cuidados-ante-el-frio\/\" \/>\n<meta property=\"og:locale\" content=\"es_ES\" \/>\n<meta property=\"og:type\" content=\"article\" \/>\n<meta property=\"og:title\" content=\"Cuidados ante el fr\u00edo\" \/>\n<meta property=\"og:description\" content=\"En invierno las bajas temperaturas suponen un riesgo para la salud y son, en buena medida, responsables del mayor n\u00famero de ingresos hospitalarios. Existe\" \/>\n<meta property=\"og:url\" content=\"https:\/\/www.psicologiacolmenar.es\/psicologo\/cuidados-ante-el-frio\/\" \/>\n<meta property=\"og:site_name\" content=\"Psicologos en Colmenar Viejo Madrid\" \/>\n<meta property=\"article:publisher\" content=\"https:\/\/www.facebook.com\/psicologocolmenar\/\" \/>\n<meta property=\"article:published_time\" content=\"2017-12-12T10:12:18+00:00\" \/>\n<meta property=\"article:modified_time\" content=\"2018-10-04T10:12:22+00:00\" \/>\n<meta property=\"og:image\" content=\"https:\/\/www.psicologiacolmenar.es\/psicologo\/wp-content\/uploads\/2017\/12\/cuidados-frio.jpg\" \/>\n\t<meta property=\"og:image:width\" content=\"1000\" \/>\n\t<meta property=\"og:image:height\" content=\"667\" \/>\n\t<meta property=\"og:image:type\" content=\"image\/jpeg\" \/>\n<meta name=\"author\" content=\"Psicologo Colmenar Viejo\" \/>\n<meta name=\"twitter:card\" content=\"summary_large_image\" \/>\n<meta name=\"twitter:creator\" content=\"@jmsanmartinps1\" \/>\n<meta name=\"twitter:site\" content=\"@jmsanmartinps1\" \/>\n<meta name=\"twitter:label1\" content=\"Escrito por\" \/>\n\t<meta name=\"twitter:data1\" content=\"Psicologo Colmenar Viejo\" \/>\n\t<meta name=\"twitter:label2\" content=\"Tiempo de lectura\" \/>\n\t<meta name=\"twitter:data2\" content=\"3 minutos\" \/>\n<script type=\"application\/ld+json\" class=\"yoast-schema-graph\">{\"@context\":\"https:\\\/\\\/schema.org\",\"@graph\":[{\"@type\":\"Article\",\"@id\":\"https:\\\/\\\/www.psicologiacolmenar.es\\\/psicologo\\\/cuidados-ante-el-frio\\\/#article\",\"isPartOf\":{\"@id\":\"https:\\\/\\\/www.psicologiacolmenar.es\\\/psicologo\\\/cuidados-ante-el-frio\\\/\"},\"author\":{\"name\":\"Psicologo Colmenar Viejo\",\"@id\":\"https:\\\/\\\/www.psicologiacolmenar.es\\\/psicologo\\\/#\\\/schema\\\/person\\\/c14b55b6ab94baa638c4e455b0f5efcd\"},\"headline\":\"Cuidados ante el fr\u00edo\",\"datePublished\":\"2017-12-12T10:12:18+00:00\",\"dateModified\":\"2018-10-04T10:12:22+00:00\",\"mainEntityOfPage\":{\"@id\":\"https:\\\/\\\/www.psicologiacolmenar.es\\\/psicologo\\\/cuidados-ante-el-frio\\\/\"},\"wordCount\":551,\"commentCount\":0,\"image\":{\"@id\":\"https:\\\/\\\/www.psicologiacolmenar.es\\\/psicologo\\\/cuidados-ante-el-frio\\\/#primaryimage\"},\"thumbnailUrl\":\"https:\\\/\\\/www.psicologiacolmenar.es\\\/psicologo\\\/wp-content\\\/uploads\\\/2017\\\/12\\\/cuidados-frio.jpg\",\"keywords\":[\"alimentacion\",\"bajas temperaturas\",\"cuidados\",\"enfermedades respiratorias\",\"frio\",\"gripe\",\"hielo\",\"poblacion de riesgo\",\"resfriados\"],\"articleSection\":[\"PAUTAS Y CONSEJOS PRACTICOS\"],\"inLanguage\":\"es\",\"potentialAction\":[{\"@type\":\"CommentAction\",\"name\":\"Comment\",\"target\":[\"https:\\\/\\\/www.psicologiacolmenar.es\\\/psicologo\\\/cuidados-ante-el-frio\\\/#respond\"]}]},{\"@type\":\"WebPage\",\"@id\":\"https:\\\/\\\/www.psicologiacolmenar.es\\\/psicologo\\\/cuidados-ante-el-frio\\\/\",\"url\":\"https:\\\/\\\/www.psicologiacolmenar.es\\\/psicologo\\\/cuidados-ante-el-frio\\\/\",\"name\":\"Cuidados ante el fr\u00edo - Psicologos en Colmenar Viejo Madrid\",\"isPartOf\":{\"@id\":\"https:\\\/\\\/www.psicologiacolmenar.es\\\/psicologo\\\/#website\"},\"primaryImageOfPage\":{\"@id\":\"https:\\\/\\\/www.psicologiacolmenar.es\\\/psicologo\\\/cuidados-ante-el-frio\\\/#primaryimage\"},\"image\":{\"@id\":\"https:\\\/\\\/www.psicologiacolmenar.es\\\/psicologo\\\/cuidados-ante-el-frio\\\/#primaryimage\"},\"thumbnailUrl\":\"https:\\\/\\\/www.psicologiacolmenar.es\\\/psicologo\\\/wp-content\\\/uploads\\\/2017\\\/12\\\/cuidados-frio.jpg\",\"datePublished\":\"2017-12-12T10:12:18+00:00\",\"dateModified\":\"2018-10-04T10:12:22+00:00\",\"author\":{\"@id\":\"https:\\\/\\\/www.psicologiacolmenar.es\\\/psicologo\\\/#\\\/schema\\\/person\\\/c14b55b6ab94baa638c4e455b0f5efcd\"},\"description\":\"psicologo colmenar viejo\",\"breadcrumb\":{\"@id\":\"https:\\\/\\\/www.psicologiacolmenar.es\\\/psicologo\\\/cuidados-ante-el-frio\\\/#breadcrumb\"},\"inLanguage\":\"es\",\"potentialAction\":[{\"@type\":\"ReadAction\",\"target\":[\"https:\\\/\\\/www.psicologiacolmenar.es\\\/psicologo\\\/cuidados-ante-el-frio\\\/\"]}]},{\"@type\":\"ImageObject\",\"inLanguage\":\"es\",\"@id\":\"https:\\\/\\\/www.psicologiacolmenar.es\\\/psicologo\\\/cuidados-ante-el-frio\\\/#primaryimage\",\"url\":\"https:\\\/\\\/www.psicologiacolmenar.es\\\/psicologo\\\/wp-content\\\/uploads\\\/2017\\\/12\\\/cuidados-frio.jpg\",\"contentUrl\":\"https:\\\/\\\/www.psicologiacolmenar.es\\\/psicologo\\\/wp-content\\\/uploads\\\/2017\\\/12\\\/cuidados-frio.jpg\",\"width\":1000,\"height\":667},{\"@type\":\"BreadcrumbList\",\"@id\":\"https:\\\/\\\/www.psicologiacolmenar.es\\\/psicologo\\\/cuidados-ante-el-frio\\\/#breadcrumb\",\"itemListElement\":[{\"@type\":\"ListItem\",\"position\":1,\"name\":\"Portada\",\"item\":\"https:\\\/\\\/www.psicologiacolmenar.es\\\/psicologo\\\/\"},{\"@type\":\"ListItem\",\"position\":2,\"name\":\"Cuidados ante el fr\u00edo\"}]},{\"@type\":\"WebSite\",\"@id\":\"https:\\\/\\\/www.psicologiacolmenar.es\\\/psicologo\\\/#website\",\"url\":\"https:\\\/\\\/www.psicologiacolmenar.es\\\/psicologo\\\/\",\"name\":\"Psicologos en Colmenar Viejo Madrid\",\"description\":\"Gabinete de psicologos y Centro de psicolog\u00eda en Colmenar Viejo\",\"potentialAction\":[{\"@type\":\"SearchAction\",\"target\":{\"@type\":\"EntryPoint\",\"urlTemplate\":\"https:\\\/\\\/www.psicologiacolmenar.es\\\/psicologo\\\/?s={search_term_string}\"},\"query-input\":{\"@type\":\"PropertyValueSpecification\",\"valueRequired\":true,\"valueName\":\"search_term_string\"}}],\"inLanguage\":\"es\"},{\"@type\":\"Person\",\"@id\":\"https:\\\/\\\/www.psicologiacolmenar.es\\\/psicologo\\\/#\\\/schema\\\/person\\\/c14b55b6ab94baa638c4e455b0f5efcd\",\"name\":\"Psicologo Colmenar Viejo\",\"url\":\"https:\\\/\\\/www.psicologiacolmenar.es\\\/psicologo\\\/author\\\/psicologo-colmenar-viejo\\\/\"}]}<\/script>\n<!-- \/ Yoast SEO Premium plugin. -->","yoast_head_json":{"title":"Cuidados ante el fr\u00edo - Psicologos en Colmenar Viejo Madrid","description":"psicologo colmenar viejo","robots":{"index":"index","follow":"follow","max-snippet":"max-snippet:-1","max-image-preview":"max-image-preview:large","max-video-preview":"max-video-preview:-1"},"canonical":"https:\/\/www.psicologiacolmenar.es\/psicologo\/cuidados-ante-el-frio\/","og_locale":"es_ES","og_type":"article","og_title":"Cuidados ante el fr\u00edo","og_description":"En invierno las bajas temperaturas suponen un riesgo para la salud y son, en buena medida, responsables del mayor n\u00famero de ingresos hospitalarios. Existe","og_url":"https:\/\/www.psicologiacolmenar.es\/psicologo\/cuidados-ante-el-frio\/","og_site_name":"Psicologos en Colmenar Viejo Madrid","article_publisher":"https:\/\/www.facebook.com\/psicologocolmenar\/","article_published_time":"2017-12-12T10:12:18+00:00","article_modified_time":"2018-10-04T10:12:22+00:00","og_image":[{"width":1000,"height":667,"url":"https:\/\/www.psicologiacolmenar.es\/psicologo\/wp-content\/uploads\/2017\/12\/cuidados-frio.jpg","type":"image\/jpeg"}],"author":"Psicologo Colmenar Viejo","twitter_card":"summary_large_image","twitter_creator":"@jmsanmartinps1","twitter_site":"@jmsanmartinps1","twitter_misc":{"Escrito por":"Psicologo Colmenar Viejo","Tiempo de lectura":"3 minutos"},"schema":{"@context":"https:\/\/schema.org","@graph":[{"@type":"Article","@id":"https:\/\/www.psicologiacolmenar.es\/psicologo\/cuidados-ante-el-frio\/#article","isPartOf":{"@id":"https:\/\/www.psicologiacolmenar.es\/psicologo\/cuidados-ante-el-frio\/"},"author":{"name":"Psicologo Colmenar Viejo","@id":"https:\/\/www.psicologiacolmenar.es\/psicologo\/#\/schema\/person\/c14b55b6ab94baa638c4e455b0f5efcd"},"headline":"Cuidados ante el fr\u00edo","datePublished":"2017-12-12T10:12:18+00:00","dateModified":"2018-10-04T10:12:22+00:00","mainEntityOfPage":{"@id":"https:\/\/www.psicologiacolmenar.es\/psicologo\/cuidados-ante-el-frio\/"},"wordCount":551,"commentCount":0,"image":{"@id":"https:\/\/www.psicologiacolmenar.es\/psicologo\/cuidados-ante-el-frio\/#primaryimage"},"thumbnailUrl":"https:\/\/www.psicologiacolmenar.es\/psicologo\/wp-content\/uploads\/2017\/12\/cuidados-frio.jpg","keywords":["alimentacion","bajas temperaturas","cuidados","enfermedades respiratorias","frio","gripe","hielo","poblacion de riesgo","resfriados"],"articleSection":["PAUTAS Y CONSEJOS PRACTICOS"],"inLanguage":"es","potentialAction":[{"@type":"CommentAction","name":"Comment","target":["https:\/\/www.psicologiacolmenar.es\/psicologo\/cuidados-ante-el-frio\/#respond"]}]},{"@type":"WebPage","@id":"https:\/\/www.psicologiacolmenar.es\/psicologo\/cuidados-ante-el-frio\/","url":"https:\/\/www.psicologiacolmenar.es\/psicologo\/cuidados-ante-el-frio\/","name":"Cuidados ante el fr\u00edo - Psicologos en Colmenar Viejo Madrid","isPartOf":{"@id":"https:\/\/www.psicologiacolmenar.es\/psicologo\/#website"},"primaryImageOfPage":{"@id":"https:\/\/www.psicologiacolmenar.es\/psicologo\/cuidados-ante-el-frio\/#primaryimage"},"image":{"@id":"https:\/\/www.psicologiacolmenar.es\/psicologo\/cuidados-ante-el-frio\/#primaryimage"},"thumbnailUrl":"https:\/\/www.psicologiacolmenar.es\/psicologo\/wp-content\/uploads\/2017\/12\/cuidados-frio.jpg","datePublished":"2017-12-12T10:12:18+00:00","dateModified":"2018-10-04T10:12:22+00:00","author":{"@id":"https:\/\/www.psicologiacolmenar.es\/psicologo\/#\/schema\/person\/c14b55b6ab94baa638c4e455b0f5efcd"},"description":"psicologo colmenar viejo","breadcrumb":{"@id":"https:\/\/www.psicologiacolmenar.es\/psicologo\/cuidados-ante-el-frio\/#breadcrumb"},"inLanguage":"es","potentialAction":[{"@type":"ReadAction","target":["https:\/\/www.psicologiacolmenar.es\/psicologo\/cuidados-ante-el-frio\/"]}]},{"@type":"ImageObject","inLanguage":"es","@id":"https:\/\/www.psicologiacolmenar.es\/psicologo\/cuidados-ante-el-frio\/#primaryimage","url":"https:\/\/www.psicologiacolmenar.es\/psicologo\/wp-content\/uploads\/2017\/12\/cuidados-frio.jpg","contentUrl":"https:\/\/www.psicologiacolmenar.es\/psicologo\/wp-content\/uploads\/2017\/12\/cuidados-frio.jpg","width":1000,"height":667},{"@type":"BreadcrumbList","@id":"https:\/\/www.psicologiacolmenar.es\/psicologo\/cuidados-ante-el-frio\/#breadcrumb","itemListElement":[{"@type":"ListItem","position":1,"name":"Portada","item":"https:\/\/www.psicologiacolmenar.es\/psicologo\/"},{"@type":"ListItem","position":2,"name":"Cuidados ante el fr\u00edo"}]},{"@type":"WebSite","@id":"https:\/\/www.psicologiacolmenar.es\/psicologo\/#website","url":"https:\/\/www.psicologiacolmenar.es\/psicologo\/","name":"Psicologos en Colmenar Viejo Madrid","description":"Gabinete de psicologos y Centro de psicolog\u00eda en Colmenar Viejo","potentialAction":[{"@type":"SearchAction","target":{"@type":"EntryPoint","urlTemplate":"https:\/\/www.psicologiacolmenar.es\/psicologo\/?s={search_term_string}"},"query-input":{"@type":"PropertyValueSpecification","valueRequired":true,"valueName":"search_term_string"}}],"inLanguage":"es"},{"@type":"Person","@id":"https:\/\/www.psicologiacolmenar.es\/psicologo\/#\/schema\/person\/c14b55b6ab94baa638c4e455b0f5efcd","name":"Psicologo Colmenar Viejo","url":"https:\/\/www.psicologiacolmenar.es\/psicologo\/author\/psicologo-colmenar-viejo\/"}]}},"_links":{"self":[{"href":"https:\/\/www.psicologiacolmenar.es\/psicologo\/wp-json\/wp\/v2\/posts\/792","targetHints":{"allow":["GET"]}}],"collection":[{"href":"https:\/\/www.psicologiacolmenar.es\/psicologo\/wp-json\/wp\/v2\/posts"}],"about":[{"href":"https:\/\/www.psicologiacolmenar.es\/psicologo\/wp-json\/wp\/v2\/types\/post"}],"author":[{"embeddable":true,"href":"https:\/\/www.psicologiacolmenar.es\/psicologo\/wp-json\/wp\/v2\/users\/2"}],"replies":[{"embeddable":true,"href":"https:\/\/www.psicologiacolmenar.es\/psicologo\/wp-json\/wp\/v2\/comments?post=792"}],"version-history":[{"count":1,"href":"https:\/\/www.psicologiacolmenar.es\/psicologo\/wp-json\/wp\/v2\/posts\/792\/revisions"}],"predecessor-version":[{"id":794,"href":"https:\/\/www.psicologiacolmenar.es\/psicologo\/wp-json\/wp\/v2\/posts\/792\/revisions\/794"}],"wp:featuredmedia":[{"embeddable":true,"href":"https:\/\/www.psicologiacolmenar.es\/psicologo\/wp-json\/wp\/v2\/media\/793"}],"wp:attachment":[{"href":"https:\/\/www.psicologiacolmenar.es\/psicologo\/wp-json\/wp\/v2\/media?parent=792"}],"wp:term":[{"taxonomy":"category","embeddable":true,"href":"https:\/\/www.psicologiacolmenar.es\/psicologo\/wp-json\/wp\/v2\/categories?post=792"},{"taxonomy":"post_tag","embeddable":true,"href":"https:\/\/www.psicologiacolmenar.es\/psicologo\/wp-json\/wp\/v2\/tags?post=792"}],"curies":[{"name":"wp","href":"https:\/\/api.w.org\/{rel}","templated":true}]}}