{"id":846,"date":"2018-02-21T11:54:33","date_gmt":"2018-02-21T11:54:33","guid":{"rendered":"http:\/\/psicologiacolmenar.es\/psicologo\/?p=846"},"modified":"2019-06-17T10:52:22","modified_gmt":"2019-06-17T10:52:22","slug":"terapia-de-validacion-en-mayores-con-demencia","status":"publish","type":"post","link":"https:\/\/www.psicologiacolmenar.es\/psicologo\/terapia-de-validacion-en-mayores-con-demencia\/","title":{"rendered":"<h2>Terapia de validaci\u00f3n en mayores con demencia<\/h2> <h4>Pautas de comunicaci\u00f3n<\/h4>"},"content":{"rendered":"<h2><strong>\u00bfQu\u00e9 es la terapia de validaci\u00f3n?<\/strong><\/h2>\n<p>La terapia de validaci\u00f3n es una forma pr\u00e1ctica de trabajar y comunicarse con las personas mayores desorientadas (que presentan un deterioro cognitivo moderado-grave).<\/p>\n<p>Esta comunicaci\u00f3n se construye sobre una interacci\u00f3n emp\u00e1tica con la persona, \u201cponerse en el lugar del otro\u201d y tratar de comprender por qu\u00e9 la persona con demencia se muestra desorientada o presenta un comportamiento extra\u00f1o. Se parte de una actitud de no juzgar y abierta a los sentimientos de la persona.<\/p>\n<h2><strong>\u00bfEn que consiste la terapia de validaci\u00f3n?<\/strong><\/h2>\n<p>La terapia de validaci\u00f3n se basa en los siguientes principios:<\/p>\n<p>1. Todas las personas mayores son \u00fanicas y valiosas:<br \/>\nPor tanto, la forma de comunicarse con cada persona ser\u00e1 diferente, en funci\u00f3n de su individualidad y siempre con respeto. En relaci\u00f3n con esto, es importante evitar utilizar diminutivos o actitud paternalista (quien ha sido Don Jos\u00e9, no puede pasar, por el hecho de padecer una demencia, a ser \u201cPepito\u201d o ser tratado como si fuera un ni\u00f1o).<\/p>\n<p>2. Las personas mayores con deterioro cognitivo deben ser aceptadas tal como son: no debemos intentar cambiarlas:<br \/>\nLas personas con deterioro cognitivo y\/o demencia, en ocasiones presentan comportamientos extra\u00f1os, <a href=\"https:\/\/psicologiacolmenar.es\/psicologo\/demencia-alteraciones-conducta\/\" target=\"_blank\" rel=\"noopener\">conductas an\u00f3malas que no comprendemos<\/a>. Desde la terapia de validaci\u00f3n se plantea como punto importante aceptar la conducta de la persona tal y como es, e intentar buscarle una explicaci\u00f3n como un modo de la persona de expresar determinados sentimientos (enfado, rabia, tristeza, etc.).<\/p>\n<p>3. Escuchar con empat\u00eda genera confianza, reduce la ansiedad y restaura la dignidad:<br \/>\nLa comunicaci\u00f3n emp\u00e1tica implica ponernos en el lugar de la otra persona, tratando de comprender qu\u00e9 le ocurre, por qu\u00e9 se comporta de una determinada manera. Implica una escucha activa.<\/p>\n<p>4. Reconocer y validar los sentimientos de la persona:<br \/>\nEsta terapia plantea que el reconocimiento y la validaci\u00f3n de los sentimientos de la otra persona permitir\u00e1 que estos disminuyan, mientras que ignorarlos facilita su refuerzo.<\/p>\n<p>5. Hay una raz\u00f3n detr\u00e1s de cada comportamiento de las personas con deterioro cognitivo:<br \/>\nLas conductas an\u00f3malas que manifiestan las personas con demencia siempre tienen una explicaci\u00f3n subyacente, seg\u00fan este modelo. Plantea que, detr\u00e1s de las mismas, hay un sentimiento o experiencia que contribuye a su expresi\u00f3n. Por eso es tan importante considerar la individualidad de cada persona.<\/p>\n<h2><strong>\u00bfQu\u00e9 consigue la terapia de validaci\u00f3n?<\/strong><\/h2>\n<p>Se ha encontrado que esta forma de comunicaci\u00f3n podr\u00eda contribuir a reducir la ansiedad y la agitaci\u00f3n de las personas con demencia, al mismo tiempo que refuerza su dignidad y mejora su <a href=\"https:\/\/psicologiacolmenar.es\/psicologo\/cuidados-en-la-enfermedad-de-alzheimer-2\/\" target=\"_blank\" rel=\"noopener\">calidad de vida<\/a>.<\/p>\n<p><a href=\"https:\/\/psicologiacolmenar.es\/psicologo\/\" target=\"_blank\" rel=\"noopener\">J. Miguel San Mart\u00edn Rodr\u00edguez<\/a>. Psic\u00f3logo Sanitario<\/p>\n","protected":false},"excerpt":{"rendered":"<p>\u00bfQu\u00e9 es la terapia de validaci\u00f3n? La terapia de validaci\u00f3n es una forma pr\u00e1ctica de trabajar y comunicarse con las personas mayores desorientadas (que presentan un deterioro cognitivo moderado-grave). Esta comunicaci\u00f3n se construye sobre una interacci\u00f3n emp\u00e1tica con la persona, \u201cponerse en el lugar del otro\u201d y tratar de comprender por qu\u00e9 la persona con [&hellip;]<\/p>\n","protected":false},"author":2,"featured_media":886,"comment_status":"open","ping_status":"open","sticky":false,"template":"","format":"standard","meta":{"_et_pb_use_builder":"","_et_pb_old_content":"","_et_gb_content_width":"","footnotes":""},"categories":[309,304,303],"tags":[79,174,111,195,83,194,196,193],"class_list":["post-846","post","type-post","status-publish","format-standard","has-post-thumbnail","hentry","category-familia","category-pautas-y-consejos-practicos","category-tercera-edad","tag-alzheimer","tag-comunicacion","tag-demencia","tag-deterioro-cognitivo","tag-empatia","tag-escucha-activa","tag-problemas-de-conducta","tag-terapia-de-validacion"],"yoast_head":"<!-- This site is optimized with the Yoast SEO Premium plugin v19.2.1 (Yoast SEO v27.5) - https:\/\/yoast.com\/product\/yoast-seo-premium-wordpress\/ -->\n<title>Terapia de validaci\u00f3n en mayores con demencia - Psicologos en Colmenar Viejo Madrid<\/title>\n<meta name=\"description\" content=\"La terapia de validaci\u00f3n es una forma pr\u00e1ctica de trabajar y comunicarse con las personas mayores desorientadas (que presentan un deterioro cognitivo...\" \/>\n<meta name=\"robots\" content=\"index, follow, max-snippet:-1, max-image-preview:large, max-video-preview:-1\" \/>\n<link rel=\"canonical\" href=\"https:\/\/www.psicologiacolmenar.es\/psicologo\/terapia-de-validacion-en-mayores-con-demencia\/\" \/>\n<meta property=\"og:locale\" content=\"es_ES\" \/>\n<meta property=\"og:type\" content=\"article\" \/>\n<meta property=\"og:title\" content=\"Terapia de validaci\u00f3n en mayores con demencia\" \/>\n<meta property=\"og:description\" content=\"\u00bfQu\u00e9 es la terapia de validaci\u00f3n? La terapia de validaci\u00f3n es una forma pr\u00e1ctica de trabajar y comunicarse con las personas mayores desorientadas (que\" \/>\n<meta property=\"og:url\" content=\"https:\/\/www.psicologiacolmenar.es\/psicologo\/terapia-de-validacion-en-mayores-con-demencia\/\" \/>\n<meta property=\"og:site_name\" content=\"Psicologos en Colmenar Viejo Madrid\" \/>\n<meta property=\"article:publisher\" content=\"https:\/\/www.facebook.com\/psicologocolmenar\/\" \/>\n<meta property=\"article:published_time\" content=\"2018-02-21T11:54:33+00:00\" \/>\n<meta property=\"article:modified_time\" content=\"2019-06-17T10:52:22+00:00\" \/>\n<meta property=\"og:image\" content=\"https:\/\/www.psicologiacolmenar.es\/psicologo\/wp-content\/uploads\/2018\/02\/terapia-de-validacion.2-2.jpg\" \/>\n\t<meta property=\"og:image:width\" content=\"870\" \/>\n\t<meta property=\"og:image:height\" content=\"560\" \/>\n\t<meta property=\"og:image:type\" content=\"image\/jpeg\" \/>\n<meta name=\"author\" content=\"Psicologo Colmenar Viejo\" \/>\n<meta name=\"twitter:card\" content=\"summary_large_image\" \/>\n<meta name=\"twitter:creator\" content=\"@jmsanmartinps1\" \/>\n<meta name=\"twitter:site\" content=\"@jmsanmartinps1\" \/>\n<meta name=\"twitter:label1\" content=\"Escrito por\" \/>\n\t<meta name=\"twitter:data1\" content=\"Psicologo Colmenar Viejo\" \/>\n\t<meta name=\"twitter:label2\" content=\"Tiempo de lectura\" \/>\n\t<meta name=\"twitter:data2\" content=\"2 minutos\" \/>\n<script type=\"application\/ld+json\" class=\"yoast-schema-graph\">{\"@context\":\"https:\\\/\\\/schema.org\",\"@graph\":[{\"@type\":\"Article\",\"@id\":\"https:\\\/\\\/www.psicologiacolmenar.es\\\/psicologo\\\/terapia-de-validacion-en-mayores-con-demencia\\\/#article\",\"isPartOf\":{\"@id\":\"https:\\\/\\\/www.psicologiacolmenar.es\\\/psicologo\\\/terapia-de-validacion-en-mayores-con-demencia\\\/\"},\"author\":{\"name\":\"Psicologo Colmenar Viejo\",\"@id\":\"https:\\\/\\\/www.psicologiacolmenar.es\\\/psicologo\\\/#\\\/schema\\\/person\\\/c14b55b6ab94baa638c4e455b0f5efcd\"},\"headline\":\"Terapia de validaci\u00f3n en mayores con demencia Pautas de comunicaci\u00f3n\",\"datePublished\":\"2018-02-21T11:54:33+00:00\",\"dateModified\":\"2019-06-17T10:52:22+00:00\",\"mainEntityOfPage\":{\"@id\":\"https:\\\/\\\/www.psicologiacolmenar.es\\\/psicologo\\\/terapia-de-validacion-en-mayores-con-demencia\\\/\"},\"wordCount\":459,\"commentCount\":0,\"image\":{\"@id\":\"https:\\\/\\\/www.psicologiacolmenar.es\\\/psicologo\\\/terapia-de-validacion-en-mayores-con-demencia\\\/#primaryimage\"},\"thumbnailUrl\":\"https:\\\/\\\/www.psicologiacolmenar.es\\\/psicologo\\\/wp-content\\\/uploads\\\/2018\\\/02\\\/terapia-de-validacion.2-2.jpg\",\"keywords\":[\"alzheimer\",\"comunicaci\u00f3n\",\"demencia\",\"deterioro cognitivo\",\"empatia\",\"escucha activa\",\"problemas de conducta\",\"terapia de validaci\u00f3n\"],\"articleSection\":[\"FAMILIA\",\"PAUTAS Y CONSEJOS PRACTICOS\",\"TERCERA EDAD\"],\"inLanguage\":\"es\",\"potentialAction\":[{\"@type\":\"CommentAction\",\"name\":\"Comment\",\"target\":[\"https:\\\/\\\/www.psicologiacolmenar.es\\\/psicologo\\\/terapia-de-validacion-en-mayores-con-demencia\\\/#respond\"]}]},{\"@type\":\"WebPage\",\"@id\":\"https:\\\/\\\/www.psicologiacolmenar.es\\\/psicologo\\\/terapia-de-validacion-en-mayores-con-demencia\\\/\",\"url\":\"https:\\\/\\\/www.psicologiacolmenar.es\\\/psicologo\\\/terapia-de-validacion-en-mayores-con-demencia\\\/\",\"name\":\"Terapia de validaci\u00f3n en mayores con demencia - Psicologos en Colmenar Viejo Madrid\",\"isPartOf\":{\"@id\":\"https:\\\/\\\/www.psicologiacolmenar.es\\\/psicologo\\\/#website\"},\"primaryImageOfPage\":{\"@id\":\"https:\\\/\\\/www.psicologiacolmenar.es\\\/psicologo\\\/terapia-de-validacion-en-mayores-con-demencia\\\/#primaryimage\"},\"image\":{\"@id\":\"https:\\\/\\\/www.psicologiacolmenar.es\\\/psicologo\\\/terapia-de-validacion-en-mayores-con-demencia\\\/#primaryimage\"},\"thumbnailUrl\":\"https:\\\/\\\/www.psicologiacolmenar.es\\\/psicologo\\\/wp-content\\\/uploads\\\/2018\\\/02\\\/terapia-de-validacion.2-2.jpg\",\"datePublished\":\"2018-02-21T11:54:33+00:00\",\"dateModified\":\"2019-06-17T10:52:22+00:00\",\"author\":{\"@id\":\"https:\\\/\\\/www.psicologiacolmenar.es\\\/psicologo\\\/#\\\/schema\\\/person\\\/c14b55b6ab94baa638c4e455b0f5efcd\"},\"description\":\"La terapia de validaci\u00f3n es una forma pr\u00e1ctica de trabajar y comunicarse con las personas mayores desorientadas (que presentan un deterioro cognitivo...\",\"breadcrumb\":{\"@id\":\"https:\\\/\\\/www.psicologiacolmenar.es\\\/psicologo\\\/terapia-de-validacion-en-mayores-con-demencia\\\/#breadcrumb\"},\"inLanguage\":\"es\",\"potentialAction\":[{\"@type\":\"ReadAction\",\"target\":[\"https:\\\/\\\/www.psicologiacolmenar.es\\\/psicologo\\\/terapia-de-validacion-en-mayores-con-demencia\\\/\"]}]},{\"@type\":\"ImageObject\",\"inLanguage\":\"es\",\"@id\":\"https:\\\/\\\/www.psicologiacolmenar.es\\\/psicologo\\\/terapia-de-validacion-en-mayores-con-demencia\\\/#primaryimage\",\"url\":\"https:\\\/\\\/www.psicologiacolmenar.es\\\/psicologo\\\/wp-content\\\/uploads\\\/2018\\\/02\\\/terapia-de-validacion.2-2.jpg\",\"contentUrl\":\"https:\\\/\\\/www.psicologiacolmenar.es\\\/psicologo\\\/wp-content\\\/uploads\\\/2018\\\/02\\\/terapia-de-validacion.2-2.jpg\",\"width\":870,\"height\":560,\"caption\":\"demencia\"},{\"@type\":\"BreadcrumbList\",\"@id\":\"https:\\\/\\\/www.psicologiacolmenar.es\\\/psicologo\\\/terapia-de-validacion-en-mayores-con-demencia\\\/#breadcrumb\",\"itemListElement\":[{\"@type\":\"ListItem\",\"position\":1,\"name\":\"Portada\",\"item\":\"https:\\\/\\\/www.psicologiacolmenar.es\\\/psicologo\\\/\"},{\"@type\":\"ListItem\",\"position\":2,\"name\":\"Terapia de validaci\u00f3n en mayores con demencia Pautas de comunicaci\u00f3n\"}]},{\"@type\":\"WebSite\",\"@id\":\"https:\\\/\\\/www.psicologiacolmenar.es\\\/psicologo\\\/#website\",\"url\":\"https:\\\/\\\/www.psicologiacolmenar.es\\\/psicologo\\\/\",\"name\":\"Psicologos en Colmenar Viejo Madrid\",\"description\":\"Gabinete de psicologos y Centro de psicolog\u00eda en Colmenar Viejo\",\"potentialAction\":[{\"@type\":\"SearchAction\",\"target\":{\"@type\":\"EntryPoint\",\"urlTemplate\":\"https:\\\/\\\/www.psicologiacolmenar.es\\\/psicologo\\\/?s={search_term_string}\"},\"query-input\":{\"@type\":\"PropertyValueSpecification\",\"valueRequired\":true,\"valueName\":\"search_term_string\"}}],\"inLanguage\":\"es\"},{\"@type\":\"Person\",\"@id\":\"https:\\\/\\\/www.psicologiacolmenar.es\\\/psicologo\\\/#\\\/schema\\\/person\\\/c14b55b6ab94baa638c4e455b0f5efcd\",\"name\":\"Psicologo Colmenar Viejo\",\"url\":\"https:\\\/\\\/www.psicologiacolmenar.es\\\/psicologo\\\/author\\\/psicologo-colmenar-viejo\\\/\"}]}<\/script>\n<!-- \/ Yoast SEO Premium plugin. -->","yoast_head_json":{"title":"Terapia de validaci\u00f3n en mayores con demencia - Psicologos en Colmenar Viejo Madrid","description":"La terapia de validaci\u00f3n es una forma pr\u00e1ctica de trabajar y comunicarse con las personas mayores desorientadas (que presentan un deterioro cognitivo...","robots":{"index":"index","follow":"follow","max-snippet":"max-snippet:-1","max-image-preview":"max-image-preview:large","max-video-preview":"max-video-preview:-1"},"canonical":"https:\/\/www.psicologiacolmenar.es\/psicologo\/terapia-de-validacion-en-mayores-con-demencia\/","og_locale":"es_ES","og_type":"article","og_title":"Terapia de validaci\u00f3n en mayores con demencia","og_description":"\u00bfQu\u00e9 es la terapia de validaci\u00f3n? La terapia de validaci\u00f3n es una forma pr\u00e1ctica de trabajar y comunicarse con las personas mayores desorientadas (que","og_url":"https:\/\/www.psicologiacolmenar.es\/psicologo\/terapia-de-validacion-en-mayores-con-demencia\/","og_site_name":"Psicologos en Colmenar Viejo Madrid","article_publisher":"https:\/\/www.facebook.com\/psicologocolmenar\/","article_published_time":"2018-02-21T11:54:33+00:00","article_modified_time":"2019-06-17T10:52:22+00:00","og_image":[{"width":870,"height":560,"url":"https:\/\/www.psicologiacolmenar.es\/psicologo\/wp-content\/uploads\/2018\/02\/terapia-de-validacion.2-2.jpg","type":"image\/jpeg"}],"author":"Psicologo Colmenar Viejo","twitter_card":"summary_large_image","twitter_creator":"@jmsanmartinps1","twitter_site":"@jmsanmartinps1","twitter_misc":{"Escrito por":"Psicologo Colmenar Viejo","Tiempo de lectura":"2 minutos"},"schema":{"@context":"https:\/\/schema.org","@graph":[{"@type":"Article","@id":"https:\/\/www.psicologiacolmenar.es\/psicologo\/terapia-de-validacion-en-mayores-con-demencia\/#article","isPartOf":{"@id":"https:\/\/www.psicologiacolmenar.es\/psicologo\/terapia-de-validacion-en-mayores-con-demencia\/"},"author":{"name":"Psicologo Colmenar Viejo","@id":"https:\/\/www.psicologiacolmenar.es\/psicologo\/#\/schema\/person\/c14b55b6ab94baa638c4e455b0f5efcd"},"headline":"Terapia de validaci\u00f3n en mayores con demencia Pautas de comunicaci\u00f3n","datePublished":"2018-02-21T11:54:33+00:00","dateModified":"2019-06-17T10:52:22+00:00","mainEntityOfPage":{"@id":"https:\/\/www.psicologiacolmenar.es\/psicologo\/terapia-de-validacion-en-mayores-con-demencia\/"},"wordCount":459,"commentCount":0,"image":{"@id":"https:\/\/www.psicologiacolmenar.es\/psicologo\/terapia-de-validacion-en-mayores-con-demencia\/#primaryimage"},"thumbnailUrl":"https:\/\/www.psicologiacolmenar.es\/psicologo\/wp-content\/uploads\/2018\/02\/terapia-de-validacion.2-2.jpg","keywords":["alzheimer","comunicaci\u00f3n","demencia","deterioro cognitivo","empatia","escucha activa","problemas de conducta","terapia de validaci\u00f3n"],"articleSection":["FAMILIA","PAUTAS Y CONSEJOS PRACTICOS","TERCERA EDAD"],"inLanguage":"es","potentialAction":[{"@type":"CommentAction","name":"Comment","target":["https:\/\/www.psicologiacolmenar.es\/psicologo\/terapia-de-validacion-en-mayores-con-demencia\/#respond"]}]},{"@type":"WebPage","@id":"https:\/\/www.psicologiacolmenar.es\/psicologo\/terapia-de-validacion-en-mayores-con-demencia\/","url":"https:\/\/www.psicologiacolmenar.es\/psicologo\/terapia-de-validacion-en-mayores-con-demencia\/","name":"Terapia de validaci\u00f3n en mayores con demencia - Psicologos en Colmenar Viejo Madrid","isPartOf":{"@id":"https:\/\/www.psicologiacolmenar.es\/psicologo\/#website"},"primaryImageOfPage":{"@id":"https:\/\/www.psicologiacolmenar.es\/psicologo\/terapia-de-validacion-en-mayores-con-demencia\/#primaryimage"},"image":{"@id":"https:\/\/www.psicologiacolmenar.es\/psicologo\/terapia-de-validacion-en-mayores-con-demencia\/#primaryimage"},"thumbnailUrl":"https:\/\/www.psicologiacolmenar.es\/psicologo\/wp-content\/uploads\/2018\/02\/terapia-de-validacion.2-2.jpg","datePublished":"2018-02-21T11:54:33+00:00","dateModified":"2019-06-17T10:52:22+00:00","author":{"@id":"https:\/\/www.psicologiacolmenar.es\/psicologo\/#\/schema\/person\/c14b55b6ab94baa638c4e455b0f5efcd"},"description":"La terapia de validaci\u00f3n es una forma pr\u00e1ctica de trabajar y comunicarse con las personas mayores desorientadas (que presentan un deterioro cognitivo...","breadcrumb":{"@id":"https:\/\/www.psicologiacolmenar.es\/psicologo\/terapia-de-validacion-en-mayores-con-demencia\/#breadcrumb"},"inLanguage":"es","potentialAction":[{"@type":"ReadAction","target":["https:\/\/www.psicologiacolmenar.es\/psicologo\/terapia-de-validacion-en-mayores-con-demencia\/"]}]},{"@type":"ImageObject","inLanguage":"es","@id":"https:\/\/www.psicologiacolmenar.es\/psicologo\/terapia-de-validacion-en-mayores-con-demencia\/#primaryimage","url":"https:\/\/www.psicologiacolmenar.es\/psicologo\/wp-content\/uploads\/2018\/02\/terapia-de-validacion.2-2.jpg","contentUrl":"https:\/\/www.psicologiacolmenar.es\/psicologo\/wp-content\/uploads\/2018\/02\/terapia-de-validacion.2-2.jpg","width":870,"height":560,"caption":"demencia"},{"@type":"BreadcrumbList","@id":"https:\/\/www.psicologiacolmenar.es\/psicologo\/terapia-de-validacion-en-mayores-con-demencia\/#breadcrumb","itemListElement":[{"@type":"ListItem","position":1,"name":"Portada","item":"https:\/\/www.psicologiacolmenar.es\/psicologo\/"},{"@type":"ListItem","position":2,"name":"Terapia de validaci\u00f3n en mayores con demencia Pautas de comunicaci\u00f3n"}]},{"@type":"WebSite","@id":"https:\/\/www.psicologiacolmenar.es\/psicologo\/#website","url":"https:\/\/www.psicologiacolmenar.es\/psicologo\/","name":"Psicologos en Colmenar Viejo Madrid","description":"Gabinete de psicologos y Centro de psicolog\u00eda en Colmenar Viejo","potentialAction":[{"@type":"SearchAction","target":{"@type":"EntryPoint","urlTemplate":"https:\/\/www.psicologiacolmenar.es\/psicologo\/?s={search_term_string}"},"query-input":{"@type":"PropertyValueSpecification","valueRequired":true,"valueName":"search_term_string"}}],"inLanguage":"es"},{"@type":"Person","@id":"https:\/\/www.psicologiacolmenar.es\/psicologo\/#\/schema\/person\/c14b55b6ab94baa638c4e455b0f5efcd","name":"Psicologo Colmenar Viejo","url":"https:\/\/www.psicologiacolmenar.es\/psicologo\/author\/psicologo-colmenar-viejo\/"}]}},"_links":{"self":[{"href":"https:\/\/www.psicologiacolmenar.es\/psicologo\/wp-json\/wp\/v2\/posts\/846","targetHints":{"allow":["GET"]}}],"collection":[{"href":"https:\/\/www.psicologiacolmenar.es\/psicologo\/wp-json\/wp\/v2\/posts"}],"about":[{"href":"https:\/\/www.psicologiacolmenar.es\/psicologo\/wp-json\/wp\/v2\/types\/post"}],"author":[{"embeddable":true,"href":"https:\/\/www.psicologiacolmenar.es\/psicologo\/wp-json\/wp\/v2\/users\/2"}],"replies":[{"embeddable":true,"href":"https:\/\/www.psicologiacolmenar.es\/psicologo\/wp-json\/wp\/v2\/comments?post=846"}],"version-history":[{"count":5,"href":"https:\/\/www.psicologiacolmenar.es\/psicologo\/wp-json\/wp\/v2\/posts\/846\/revisions"}],"predecessor-version":[{"id":1163,"href":"https:\/\/www.psicologiacolmenar.es\/psicologo\/wp-json\/wp\/v2\/posts\/846\/revisions\/1163"}],"wp:featuredmedia":[{"embeddable":true,"href":"https:\/\/www.psicologiacolmenar.es\/psicologo\/wp-json\/wp\/v2\/media\/886"}],"wp:attachment":[{"href":"https:\/\/www.psicologiacolmenar.es\/psicologo\/wp-json\/wp\/v2\/media?parent=846"}],"wp:term":[{"taxonomy":"category","embeddable":true,"href":"https:\/\/www.psicologiacolmenar.es\/psicologo\/wp-json\/wp\/v2\/categories?post=846"},{"taxonomy":"post_tag","embeddable":true,"href":"https:\/\/www.psicologiacolmenar.es\/psicologo\/wp-json\/wp\/v2\/tags?post=846"}],"curies":[{"name":"wp","href":"https:\/\/api.w.org\/{rel}","templated":true}]}}