{"id":878,"date":"2018-02-21T11:56:41","date_gmt":"2018-02-21T11:56:41","guid":{"rendered":"http:\/\/psicologiacolmenar.es\/psicologo\/?p=878"},"modified":"2018-10-04T09:30:33","modified_gmt":"2018-10-04T09:30:33","slug":"terapia-de-orientacion-a-la-realidad","status":"publish","type":"post","link":"https:\/\/www.psicologiacolmenar.es\/psicologo\/terapia-de-orientacion-a-la-realidad\/","title":{"rendered":"Terapia de orientaci\u00f3n a la realidad"},"content":{"rendered":"<p>La orientaci\u00f3n en ESPACIO, TIEMPO y PERSONA, es entendida como el conocimiento que el sujeto tiene del entorno espacial y temporal en el cual se desenvuelve, se relaciona con capacidades cognitivas como la atenci\u00f3n y vigilancia, la memoria reciente, el conocimiento autobiogr\u00e1fico y la proyecci\u00f3n en el futuro. La terapia de orientaci\u00f3n a la realidad (TOR), es un conjunto de t\u00e9cnicas mediante las cuales una persona toma conciencia de su situaci\u00f3n en el tiempo (orientaci\u00f3n temporal) y en el espacio (orientaci\u00f3n espacial), es una terapia imprescindible en un programa terap\u00e9utico con personas mayores con o sin deterioro cognitivo.<br \/>\nLa estimulaci\u00f3n cognitiva de la orientaci\u00f3n en tiempo espacio y persona:<br \/>\nObjetivos principales<br \/>\n\u2022 Favorecer y activar la orientaci\u00f3n espacial y temporal para mantenerla el mayor tiempo posible.<br \/>\n\u2022 Mantener la orientaci\u00f3n de la persona.<br \/>\n\u2022 Activar la memoria personal o autobiogr\u00e1fica.<\/p>\n<p>Objetivos secundarios:<br \/>\n\u2022 Ejercitar el lenguaje autom\u00e1tico.<br \/>\n\u2022 Optimizar los niveles de atenci\u00f3n.<br \/>\n\u2022 Favorecer la incitaci\u00f3n a hablar y la fluidez verbal.<br \/>\nRecursos y estrategias:<br \/>\n\u2022 Terapia de orientaci\u00f3n a la realidad.<br \/>\n\u2022 Uso de calendarios y ayudas externas.<br \/>\n\u2022 Facilidades en las tareas de orientaci\u00f3n mediante recursos verbales.<br \/>\n\u2022 Utilizaci\u00f3n de t\u00e9cnicas de observaci\u00f3n y <a href=\"http:\/\/psicologiacolmenar.es\/psicologo\/terapia-de-validacion-en-mayores-con-demencia\/\" target=\"_blank\" rel=\"noopener\">validaci\u00f3n<\/a>.<br \/>\n\u2022 Orientaci\u00f3n temporal: aspectos m\u00e1s recientes como d\u00eda, mes, a\u00f1o y estaci\u00f3n y aspectos m\u00e1s inmediatos como horas del d\u00eda, fecha del mes.<br \/>\n\u2022 Festividades importantes y fiestas populares, como facilitadoras de la orientaci\u00f3n temporal.<br \/>\n\u2022 Cronolog\u00eda personal (dataci\u00f3n de la biograf\u00eda personal), para favorecer la orientaci\u00f3n temporal.<br \/>\n\u2022 Orientaci\u00f3n espacial (aspectos m\u00e1s inmediatos como lugar donde se encuentra y aspectos m\u00e1s recientes como ciudad, provincia, pa\u00eds, etc.)<br \/>\nJ. Miguel San Mart\u00edn Rodr\u00edguez. Psic\u00f3logo sanitario<\/p>\n","protected":false},"excerpt":{"rendered":"<p>La orientaci\u00f3n en ESPACIO, TIEMPO y PERSONA, es entendida como el conocimiento que el sujeto tiene del entorno espacial y temporal en el cual se desenvuelve, se relaciona con capacidades cognitivas como la atenci\u00f3n y vigilancia, la memoria reciente, el conocimiento autobiogr\u00e1fico y la proyecci\u00f3n en el futuro. La terapia de orientaci\u00f3n a la realidad [&hellip;]<\/p>\n","protected":false},"author":2,"featured_media":880,"comment_status":"open","ping_status":"open","sticky":false,"template":"","format":"standard","meta":{"_et_pb_use_builder":"","_et_pb_old_content":"","_et_gb_content_width":"","footnotes":""},"categories":[309,303],"tags":[79,111,8,199,198,197],"class_list":["post-878","post","type-post","status-publish","format-standard","has-post-thumbnail","hentry","category-familia","category-tercera-edad","tag-alzheimer","tag-demencia","tag-mayores","tag-orientacion-espacial","tag-orientacion-temporal","tag-terapia-de-orientacion"],"yoast_head":"<!-- This site is optimized with the Yoast SEO Premium plugin v19.2.1 (Yoast SEO v27.5) - https:\/\/yoast.com\/product\/yoast-seo-premium-wordpress\/ -->\n<title>Terapia de orientaci\u00f3n a la realidad - Psicologos en Colmenar Viejo Madrid<\/title>\n<meta name=\"description\" content=\"psicologo colmenar viejo\" \/>\n<meta name=\"robots\" content=\"index, follow, max-snippet:-1, max-image-preview:large, max-video-preview:-1\" \/>\n<link rel=\"canonical\" href=\"https:\/\/www.psicologiacolmenar.es\/psicologo\/terapia-de-orientacion-a-la-realidad\/\" \/>\n<meta property=\"og:locale\" content=\"es_ES\" \/>\n<meta property=\"og:type\" content=\"article\" \/>\n<meta property=\"og:title\" content=\"Terapia de orientaci\u00f3n a la realidad\" \/>\n<meta property=\"og:description\" content=\"La orientaci\u00f3n en ESPACIO, TIEMPO y PERSONA, es entendida como el conocimiento que el sujeto tiene del entorno espacial y temporal en el cual se\" \/>\n<meta property=\"og:url\" content=\"https:\/\/www.psicologiacolmenar.es\/psicologo\/terapia-de-orientacion-a-la-realidad\/\" \/>\n<meta property=\"og:site_name\" content=\"Psicologos en Colmenar Viejo Madrid\" \/>\n<meta property=\"article:publisher\" content=\"https:\/\/www.facebook.com\/psicologocolmenar\/\" \/>\n<meta property=\"article:published_time\" content=\"2018-02-21T11:56:41+00:00\" \/>\n<meta property=\"article:modified_time\" content=\"2018-10-04T09:30:33+00:00\" \/>\n<meta property=\"og:image\" content=\"https:\/\/www.psicologiacolmenar.es\/psicologo\/wp-content\/uploads\/2018\/02\/TOR-2.jpg\" \/>\n\t<meta property=\"og:image:width\" content=\"1280\" \/>\n\t<meta property=\"og:image:height\" content=\"847\" \/>\n\t<meta property=\"og:image:type\" content=\"image\/jpeg\" \/>\n<meta name=\"author\" content=\"Psicologo Colmenar Viejo\" \/>\n<meta name=\"twitter:card\" content=\"summary_large_image\" \/>\n<meta name=\"twitter:creator\" content=\"@jmsanmartinps1\" \/>\n<meta name=\"twitter:site\" content=\"@jmsanmartinps1\" \/>\n<meta name=\"twitter:label1\" content=\"Escrito por\" \/>\n\t<meta name=\"twitter:data1\" content=\"Psicologo Colmenar Viejo\" \/>\n\t<meta name=\"twitter:label2\" content=\"Tiempo de lectura\" \/>\n\t<meta name=\"twitter:data2\" content=\"2 minutos\" \/>\n<script type=\"application\/ld+json\" class=\"yoast-schema-graph\">{\"@context\":\"https:\\\/\\\/schema.org\",\"@graph\":[{\"@type\":\"Article\",\"@id\":\"https:\\\/\\\/www.psicologiacolmenar.es\\\/psicologo\\\/terapia-de-orientacion-a-la-realidad\\\/#article\",\"isPartOf\":{\"@id\":\"https:\\\/\\\/www.psicologiacolmenar.es\\\/psicologo\\\/terapia-de-orientacion-a-la-realidad\\\/\"},\"author\":{\"name\":\"Psicologo Colmenar Viejo\",\"@id\":\"https:\\\/\\\/www.psicologiacolmenar.es\\\/psicologo\\\/#\\\/schema\\\/person\\\/c14b55b6ab94baa638c4e455b0f5efcd\"},\"headline\":\"Terapia de orientaci\u00f3n a la realidad\",\"datePublished\":\"2018-02-21T11:56:41+00:00\",\"dateModified\":\"2018-10-04T09:30:33+00:00\",\"mainEntityOfPage\":{\"@id\":\"https:\\\/\\\/www.psicologiacolmenar.es\\\/psicologo\\\/terapia-de-orientacion-a-la-realidad\\\/\"},\"wordCount\":309,\"commentCount\":0,\"image\":{\"@id\":\"https:\\\/\\\/www.psicologiacolmenar.es\\\/psicologo\\\/terapia-de-orientacion-a-la-realidad\\\/#primaryimage\"},\"thumbnailUrl\":\"https:\\\/\\\/www.psicologiacolmenar.es\\\/psicologo\\\/wp-content\\\/uploads\\\/2018\\\/02\\\/TOR-2.jpg\",\"keywords\":[\"alzheimer\",\"demencia\",\"mayores\",\"orientaci\u00f3n espacial\",\"orientaci\u00f3n temporal\",\"terapia de orientaci\u00f3n\"],\"articleSection\":[\"FAMILIA\",\"TERCERA EDAD\"],\"inLanguage\":\"es\",\"potentialAction\":[{\"@type\":\"CommentAction\",\"name\":\"Comment\",\"target\":[\"https:\\\/\\\/www.psicologiacolmenar.es\\\/psicologo\\\/terapia-de-orientacion-a-la-realidad\\\/#respond\"]}]},{\"@type\":\"WebPage\",\"@id\":\"https:\\\/\\\/www.psicologiacolmenar.es\\\/psicologo\\\/terapia-de-orientacion-a-la-realidad\\\/\",\"url\":\"https:\\\/\\\/www.psicologiacolmenar.es\\\/psicologo\\\/terapia-de-orientacion-a-la-realidad\\\/\",\"name\":\"Terapia de orientaci\u00f3n a la realidad - Psicologos en Colmenar Viejo Madrid\",\"isPartOf\":{\"@id\":\"https:\\\/\\\/www.psicologiacolmenar.es\\\/psicologo\\\/#website\"},\"primaryImageOfPage\":{\"@id\":\"https:\\\/\\\/www.psicologiacolmenar.es\\\/psicologo\\\/terapia-de-orientacion-a-la-realidad\\\/#primaryimage\"},\"image\":{\"@id\":\"https:\\\/\\\/www.psicologiacolmenar.es\\\/psicologo\\\/terapia-de-orientacion-a-la-realidad\\\/#primaryimage\"},\"thumbnailUrl\":\"https:\\\/\\\/www.psicologiacolmenar.es\\\/psicologo\\\/wp-content\\\/uploads\\\/2018\\\/02\\\/TOR-2.jpg\",\"datePublished\":\"2018-02-21T11:56:41+00:00\",\"dateModified\":\"2018-10-04T09:30:33+00:00\",\"author\":{\"@id\":\"https:\\\/\\\/www.psicologiacolmenar.es\\\/psicologo\\\/#\\\/schema\\\/person\\\/c14b55b6ab94baa638c4e455b0f5efcd\"},\"description\":\"psicologo colmenar viejo\",\"breadcrumb\":{\"@id\":\"https:\\\/\\\/www.psicologiacolmenar.es\\\/psicologo\\\/terapia-de-orientacion-a-la-realidad\\\/#breadcrumb\"},\"inLanguage\":\"es\",\"potentialAction\":[{\"@type\":\"ReadAction\",\"target\":[\"https:\\\/\\\/www.psicologiacolmenar.es\\\/psicologo\\\/terapia-de-orientacion-a-la-realidad\\\/\"]}]},{\"@type\":\"ImageObject\",\"inLanguage\":\"es\",\"@id\":\"https:\\\/\\\/www.psicologiacolmenar.es\\\/psicologo\\\/terapia-de-orientacion-a-la-realidad\\\/#primaryimage\",\"url\":\"https:\\\/\\\/www.psicologiacolmenar.es\\\/psicologo\\\/wp-content\\\/uploads\\\/2018\\\/02\\\/TOR-2.jpg\",\"contentUrl\":\"https:\\\/\\\/www.psicologiacolmenar.es\\\/psicologo\\\/wp-content\\\/uploads\\\/2018\\\/02\\\/TOR-2.jpg\",\"width\":1280,\"height\":847},{\"@type\":\"BreadcrumbList\",\"@id\":\"https:\\\/\\\/www.psicologiacolmenar.es\\\/psicologo\\\/terapia-de-orientacion-a-la-realidad\\\/#breadcrumb\",\"itemListElement\":[{\"@type\":\"ListItem\",\"position\":1,\"name\":\"Portada\",\"item\":\"https:\\\/\\\/www.psicologiacolmenar.es\\\/psicologo\\\/\"},{\"@type\":\"ListItem\",\"position\":2,\"name\":\"Terapia de orientaci\u00f3n a la realidad\"}]},{\"@type\":\"WebSite\",\"@id\":\"https:\\\/\\\/www.psicologiacolmenar.es\\\/psicologo\\\/#website\",\"url\":\"https:\\\/\\\/www.psicologiacolmenar.es\\\/psicologo\\\/\",\"name\":\"Psicologos en Colmenar Viejo Madrid\",\"description\":\"Gabinete de psicologos y Centro de psicolog\u00eda en Colmenar Viejo\",\"potentialAction\":[{\"@type\":\"SearchAction\",\"target\":{\"@type\":\"EntryPoint\",\"urlTemplate\":\"https:\\\/\\\/www.psicologiacolmenar.es\\\/psicologo\\\/?s={search_term_string}\"},\"query-input\":{\"@type\":\"PropertyValueSpecification\",\"valueRequired\":true,\"valueName\":\"search_term_string\"}}],\"inLanguage\":\"es\"},{\"@type\":\"Person\",\"@id\":\"https:\\\/\\\/www.psicologiacolmenar.es\\\/psicologo\\\/#\\\/schema\\\/person\\\/c14b55b6ab94baa638c4e455b0f5efcd\",\"name\":\"Psicologo Colmenar Viejo\",\"url\":\"https:\\\/\\\/www.psicologiacolmenar.es\\\/psicologo\\\/author\\\/psicologo-colmenar-viejo\\\/\"}]}<\/script>\n<!-- \/ Yoast SEO Premium plugin. -->","yoast_head_json":{"title":"Terapia de orientaci\u00f3n a la realidad - Psicologos en Colmenar Viejo Madrid","description":"psicologo colmenar viejo","robots":{"index":"index","follow":"follow","max-snippet":"max-snippet:-1","max-image-preview":"max-image-preview:large","max-video-preview":"max-video-preview:-1"},"canonical":"https:\/\/www.psicologiacolmenar.es\/psicologo\/terapia-de-orientacion-a-la-realidad\/","og_locale":"es_ES","og_type":"article","og_title":"Terapia de orientaci\u00f3n a la realidad","og_description":"La orientaci\u00f3n en ESPACIO, TIEMPO y PERSONA, es entendida como el conocimiento que el sujeto tiene del entorno espacial y temporal en el cual se","og_url":"https:\/\/www.psicologiacolmenar.es\/psicologo\/terapia-de-orientacion-a-la-realidad\/","og_site_name":"Psicologos en Colmenar Viejo Madrid","article_publisher":"https:\/\/www.facebook.com\/psicologocolmenar\/","article_published_time":"2018-02-21T11:56:41+00:00","article_modified_time":"2018-10-04T09:30:33+00:00","og_image":[{"width":1280,"height":847,"url":"https:\/\/www.psicologiacolmenar.es\/psicologo\/wp-content\/uploads\/2018\/02\/TOR-2.jpg","type":"image\/jpeg"}],"author":"Psicologo Colmenar Viejo","twitter_card":"summary_large_image","twitter_creator":"@jmsanmartinps1","twitter_site":"@jmsanmartinps1","twitter_misc":{"Escrito por":"Psicologo Colmenar Viejo","Tiempo de lectura":"2 minutos"},"schema":{"@context":"https:\/\/schema.org","@graph":[{"@type":"Article","@id":"https:\/\/www.psicologiacolmenar.es\/psicologo\/terapia-de-orientacion-a-la-realidad\/#article","isPartOf":{"@id":"https:\/\/www.psicologiacolmenar.es\/psicologo\/terapia-de-orientacion-a-la-realidad\/"},"author":{"name":"Psicologo Colmenar Viejo","@id":"https:\/\/www.psicologiacolmenar.es\/psicologo\/#\/schema\/person\/c14b55b6ab94baa638c4e455b0f5efcd"},"headline":"Terapia de orientaci\u00f3n a la realidad","datePublished":"2018-02-21T11:56:41+00:00","dateModified":"2018-10-04T09:30:33+00:00","mainEntityOfPage":{"@id":"https:\/\/www.psicologiacolmenar.es\/psicologo\/terapia-de-orientacion-a-la-realidad\/"},"wordCount":309,"commentCount":0,"image":{"@id":"https:\/\/www.psicologiacolmenar.es\/psicologo\/terapia-de-orientacion-a-la-realidad\/#primaryimage"},"thumbnailUrl":"https:\/\/www.psicologiacolmenar.es\/psicologo\/wp-content\/uploads\/2018\/02\/TOR-2.jpg","keywords":["alzheimer","demencia","mayores","orientaci\u00f3n espacial","orientaci\u00f3n temporal","terapia de orientaci\u00f3n"],"articleSection":["FAMILIA","TERCERA EDAD"],"inLanguage":"es","potentialAction":[{"@type":"CommentAction","name":"Comment","target":["https:\/\/www.psicologiacolmenar.es\/psicologo\/terapia-de-orientacion-a-la-realidad\/#respond"]}]},{"@type":"WebPage","@id":"https:\/\/www.psicologiacolmenar.es\/psicologo\/terapia-de-orientacion-a-la-realidad\/","url":"https:\/\/www.psicologiacolmenar.es\/psicologo\/terapia-de-orientacion-a-la-realidad\/","name":"Terapia de orientaci\u00f3n a la realidad - Psicologos en Colmenar Viejo Madrid","isPartOf":{"@id":"https:\/\/www.psicologiacolmenar.es\/psicologo\/#website"},"primaryImageOfPage":{"@id":"https:\/\/www.psicologiacolmenar.es\/psicologo\/terapia-de-orientacion-a-la-realidad\/#primaryimage"},"image":{"@id":"https:\/\/www.psicologiacolmenar.es\/psicologo\/terapia-de-orientacion-a-la-realidad\/#primaryimage"},"thumbnailUrl":"https:\/\/www.psicologiacolmenar.es\/psicologo\/wp-content\/uploads\/2018\/02\/TOR-2.jpg","datePublished":"2018-02-21T11:56:41+00:00","dateModified":"2018-10-04T09:30:33+00:00","author":{"@id":"https:\/\/www.psicologiacolmenar.es\/psicologo\/#\/schema\/person\/c14b55b6ab94baa638c4e455b0f5efcd"},"description":"psicologo colmenar viejo","breadcrumb":{"@id":"https:\/\/www.psicologiacolmenar.es\/psicologo\/terapia-de-orientacion-a-la-realidad\/#breadcrumb"},"inLanguage":"es","potentialAction":[{"@type":"ReadAction","target":["https:\/\/www.psicologiacolmenar.es\/psicologo\/terapia-de-orientacion-a-la-realidad\/"]}]},{"@type":"ImageObject","inLanguage":"es","@id":"https:\/\/www.psicologiacolmenar.es\/psicologo\/terapia-de-orientacion-a-la-realidad\/#primaryimage","url":"https:\/\/www.psicologiacolmenar.es\/psicologo\/wp-content\/uploads\/2018\/02\/TOR-2.jpg","contentUrl":"https:\/\/www.psicologiacolmenar.es\/psicologo\/wp-content\/uploads\/2018\/02\/TOR-2.jpg","width":1280,"height":847},{"@type":"BreadcrumbList","@id":"https:\/\/www.psicologiacolmenar.es\/psicologo\/terapia-de-orientacion-a-la-realidad\/#breadcrumb","itemListElement":[{"@type":"ListItem","position":1,"name":"Portada","item":"https:\/\/www.psicologiacolmenar.es\/psicologo\/"},{"@type":"ListItem","position":2,"name":"Terapia de orientaci\u00f3n a la realidad"}]},{"@type":"WebSite","@id":"https:\/\/www.psicologiacolmenar.es\/psicologo\/#website","url":"https:\/\/www.psicologiacolmenar.es\/psicologo\/","name":"Psicologos en Colmenar Viejo Madrid","description":"Gabinete de psicologos y Centro de psicolog\u00eda en Colmenar Viejo","potentialAction":[{"@type":"SearchAction","target":{"@type":"EntryPoint","urlTemplate":"https:\/\/www.psicologiacolmenar.es\/psicologo\/?s={search_term_string}"},"query-input":{"@type":"PropertyValueSpecification","valueRequired":true,"valueName":"search_term_string"}}],"inLanguage":"es"},{"@type":"Person","@id":"https:\/\/www.psicologiacolmenar.es\/psicologo\/#\/schema\/person\/c14b55b6ab94baa638c4e455b0f5efcd","name":"Psicologo Colmenar Viejo","url":"https:\/\/www.psicologiacolmenar.es\/psicologo\/author\/psicologo-colmenar-viejo\/"}]}},"_links":{"self":[{"href":"https:\/\/www.psicologiacolmenar.es\/psicologo\/wp-json\/wp\/v2\/posts\/878","targetHints":{"allow":["GET"]}}],"collection":[{"href":"https:\/\/www.psicologiacolmenar.es\/psicologo\/wp-json\/wp\/v2\/posts"}],"about":[{"href":"https:\/\/www.psicologiacolmenar.es\/psicologo\/wp-json\/wp\/v2\/types\/post"}],"author":[{"embeddable":true,"href":"https:\/\/www.psicologiacolmenar.es\/psicologo\/wp-json\/wp\/v2\/users\/2"}],"replies":[{"embeddable":true,"href":"https:\/\/www.psicologiacolmenar.es\/psicologo\/wp-json\/wp\/v2\/comments?post=878"}],"version-history":[{"count":3,"href":"https:\/\/www.psicologiacolmenar.es\/psicologo\/wp-json\/wp\/v2\/posts\/878\/revisions"}],"predecessor-version":[{"id":892,"href":"https:\/\/www.psicologiacolmenar.es\/psicologo\/wp-json\/wp\/v2\/posts\/878\/revisions\/892"}],"wp:featuredmedia":[{"embeddable":true,"href":"https:\/\/www.psicologiacolmenar.es\/psicologo\/wp-json\/wp\/v2\/media\/880"}],"wp:attachment":[{"href":"https:\/\/www.psicologiacolmenar.es\/psicologo\/wp-json\/wp\/v2\/media?parent=878"}],"wp:term":[{"taxonomy":"category","embeddable":true,"href":"https:\/\/www.psicologiacolmenar.es\/psicologo\/wp-json\/wp\/v2\/categories?post=878"},{"taxonomy":"post_tag","embeddable":true,"href":"https:\/\/www.psicologiacolmenar.es\/psicologo\/wp-json\/wp\/v2\/tags?post=878"}],"curies":[{"name":"wp","href":"https:\/\/api.w.org\/{rel}","templated":true}]}}