{"id":896,"date":"2018-03-13T17:35:08","date_gmt":"2018-03-13T17:35:08","guid":{"rendered":"http:\/\/psicologiacolmenar.es\/psicologo\/?p=896"},"modified":"2018-10-04T09:28:13","modified_gmt":"2018-10-04T09:28:13","slug":"narcolepsia","status":"publish","type":"post","link":"https:\/\/www.psicologiacolmenar.es\/psicologo\/narcolepsia\/","title":{"rendered":"Narcolepsia"},"content":{"rendered":"<p>La narcolepsia es un s\u00edndrome caracterizado por la presencia de cuatro s\u00edntomas que representan la denominada \u201cT\u00e9trada narcol\u00e9ptica\u201d:<br \/>\n\u2022 Somnolencia diurna, acompa\u00f1ada de ataques repentinos de sue\u00f1o (que suelen durar en torno a 15-20 minutos). Los ataques de sue\u00f1o de describen como irresistibles, pudiendo darse en las situaciones m\u00e1s inapropiadas. La frecuencia suele ser de entre 2 y 6 episodios diarios.<br \/>\n\u2022 Cataplexia, es la p\u00e9rdida de tono muscular. Se manifiesta en s\u00edntomas que van desde pesadez en los p\u00e1rpados o de los brazos, hasta p\u00e9rdida total del tono muscular, con desplome del cuerpo. Suele durar pocos segundos y la persona es completamente consciente de la situaci\u00f3n.<br \/>\n\u2022 Alucinaciones hipnag\u00f3gicas e hipnop\u00f3mpicas. Las primeras se corresponden con im\u00e1genes intensas de enso\u00f1aci\u00f3n antes de dormirse y las segundas justo antes de despertarse.<br \/>\n\u2022 Par\u00e1lisis de sue\u00f1o, justo antes de dormirse o al despertarse. La persona se encuentra despierta, pero es incapaz de moverse o hablar.<br \/>\nLa narcolepsia suele iniciarse en la adolescencia tard\u00eda. Su etiolog\u00eda no est\u00e1 clara, parece ser consecuencia de la combinaci\u00f3n entre factores gen\u00e9ticos, medioambientales y bioqu\u00edmicos.<br \/>\nEl tratamiento farmacol\u00f3gico suele ser la estrategia terap\u00e9utica de elecci\u00f3n, combinando f\u00e1rmacos estimulantes con antidepresivos. Aunque la terapia psicol\u00f3gica es de suma importancia para ense\u00f1ar a la persona pautas respecto a la organizaci\u00f3n y rutina, vigilia\/sue\u00f1o.<br \/>\nJ. Miguel San Mart\u00edn. Psic\u00f3logo sanitario<\/p>\n","protected":false},"excerpt":{"rendered":"<p>La narcolepsia es un s\u00edndrome caracterizado por la presencia de cuatro s\u00edntomas que representan la denominada \u201cT\u00e9trada narcol\u00e9ptica\u201d: \u2022 Somnolencia diurna, acompa\u00f1ada de ataques repentinos de sue\u00f1o (que suelen durar en torno a 15-20 minutos). Los ataques de sue\u00f1o de describen como irresistibles, pudiendo darse en las situaciones m\u00e1s inapropiadas. La frecuencia suele ser de [&hellip;]<\/p>\n","protected":false},"author":2,"featured_media":897,"comment_status":"open","ping_status":"open","sticky":false,"template":"","format":"standard","meta":{"_et_pb_use_builder":"","_et_pb_old_content":"","_et_gb_content_width":"","footnotes":""},"categories":[310],"tags":[204,203,21,205,20,19],"class_list":["post-896","post","type-post","status-publish","format-standard","has-post-thumbnail","hentry","category-otros-trastornos","tag-alucinaciones-hionagogicas","tag-cataplexia","tag-narcolepsia","tag-paralisis-de-sueno","tag-somnolencia","tag-trastornos-de-sueno"],"yoast_head":"<!-- This site is optimized with the Yoast SEO Premium plugin v19.2.1 (Yoast SEO v27.5) - https:\/\/yoast.com\/product\/yoast-seo-premium-wordpress\/ -->\n<title>Narcolepsia - Psicologos en Colmenar Viejo Madrid<\/title>\n<meta name=\"description\" content=\"psicologo colmenar viejo\" \/>\n<meta name=\"robots\" content=\"index, follow, max-snippet:-1, max-image-preview:large, max-video-preview:-1\" \/>\n<link rel=\"canonical\" href=\"https:\/\/www.psicologiacolmenar.es\/psicologo\/narcolepsia\/\" \/>\n<meta property=\"og:locale\" content=\"es_ES\" \/>\n<meta property=\"og:type\" content=\"article\" \/>\n<meta property=\"og:title\" content=\"Narcolepsia\" \/>\n<meta property=\"og:description\" content=\"La narcolepsia es un s\u00edndrome caracterizado por la presencia de cuatro s\u00edntomas que representan la denominada \u201cT\u00e9trada narcol\u00e9ptica\u201d: \u2022 Somnolencia\" \/>\n<meta property=\"og:url\" content=\"https:\/\/www.psicologiacolmenar.es\/psicologo\/narcolepsia\/\" \/>\n<meta property=\"og:site_name\" content=\"Psicologos en Colmenar Viejo Madrid\" \/>\n<meta property=\"article:publisher\" content=\"https:\/\/www.facebook.com\/psicologocolmenar\/\" \/>\n<meta property=\"article:published_time\" content=\"2018-03-13T17:35:08+00:00\" \/>\n<meta property=\"article:modified_time\" content=\"2018-10-04T09:28:13+00:00\" \/>\n<meta property=\"og:image\" content=\"https:\/\/www.psicologiacolmenar.es\/psicologo\/wp-content\/uploads\/2018\/03\/narcolepsia-enfermedad-autoinmune.jpg\" \/>\n\t<meta property=\"og:image:width\" content=\"720\" \/>\n\t<meta property=\"og:image:height\" content=\"355\" \/>\n\t<meta property=\"og:image:type\" content=\"image\/jpeg\" \/>\n<meta name=\"author\" content=\"Psicologo Colmenar Viejo\" \/>\n<meta name=\"twitter:card\" content=\"summary_large_image\" \/>\n<meta name=\"twitter:creator\" content=\"@jmsanmartinps1\" \/>\n<meta name=\"twitter:site\" content=\"@jmsanmartinps1\" \/>\n<meta name=\"twitter:label1\" content=\"Escrito por\" \/>\n\t<meta name=\"twitter:data1\" content=\"Psicologo Colmenar Viejo\" \/>\n\t<meta name=\"twitter:label2\" content=\"Tiempo de lectura\" \/>\n\t<meta name=\"twitter:data2\" content=\"1 minuto\" \/>\n<script type=\"application\/ld+json\" class=\"yoast-schema-graph\">{\"@context\":\"https:\\\/\\\/schema.org\",\"@graph\":[{\"@type\":\"Article\",\"@id\":\"https:\\\/\\\/www.psicologiacolmenar.es\\\/psicologo\\\/narcolepsia\\\/#article\",\"isPartOf\":{\"@id\":\"https:\\\/\\\/www.psicologiacolmenar.es\\\/psicologo\\\/narcolepsia\\\/\"},\"author\":{\"name\":\"Psicologo Colmenar Viejo\",\"@id\":\"https:\\\/\\\/www.psicologiacolmenar.es\\\/psicologo\\\/#\\\/schema\\\/person\\\/c14b55b6ab94baa638c4e455b0f5efcd\"},\"headline\":\"Narcolepsia\",\"datePublished\":\"2018-03-13T17:35:08+00:00\",\"dateModified\":\"2018-10-04T09:28:13+00:00\",\"mainEntityOfPage\":{\"@id\":\"https:\\\/\\\/www.psicologiacolmenar.es\\\/psicologo\\\/narcolepsia\\\/\"},\"wordCount\":252,\"commentCount\":0,\"image\":{\"@id\":\"https:\\\/\\\/www.psicologiacolmenar.es\\\/psicologo\\\/narcolepsia\\\/#primaryimage\"},\"thumbnailUrl\":\"https:\\\/\\\/www.psicologiacolmenar.es\\\/psicologo\\\/wp-content\\\/uploads\\\/2018\\\/03\\\/narcolepsia-enfermedad-autoinmune.jpg\",\"keywords\":[\"alucinaciones hionagogicas\",\"cataplexia\",\"narcolepsia\",\"paralisis de sue\u00f1o\",\"somnolencia\",\"trastornos de sue\u00f1o\"],\"articleSection\":[\"OTROS TRASTORNOS\"],\"inLanguage\":\"es\",\"potentialAction\":[{\"@type\":\"CommentAction\",\"name\":\"Comment\",\"target\":[\"https:\\\/\\\/www.psicologiacolmenar.es\\\/psicologo\\\/narcolepsia\\\/#respond\"]}]},{\"@type\":\"WebPage\",\"@id\":\"https:\\\/\\\/www.psicologiacolmenar.es\\\/psicologo\\\/narcolepsia\\\/\",\"url\":\"https:\\\/\\\/www.psicologiacolmenar.es\\\/psicologo\\\/narcolepsia\\\/\",\"name\":\"Narcolepsia - Psicologos en Colmenar Viejo Madrid\",\"isPartOf\":{\"@id\":\"https:\\\/\\\/www.psicologiacolmenar.es\\\/psicologo\\\/#website\"},\"primaryImageOfPage\":{\"@id\":\"https:\\\/\\\/www.psicologiacolmenar.es\\\/psicologo\\\/narcolepsia\\\/#primaryimage\"},\"image\":{\"@id\":\"https:\\\/\\\/www.psicologiacolmenar.es\\\/psicologo\\\/narcolepsia\\\/#primaryimage\"},\"thumbnailUrl\":\"https:\\\/\\\/www.psicologiacolmenar.es\\\/psicologo\\\/wp-content\\\/uploads\\\/2018\\\/03\\\/narcolepsia-enfermedad-autoinmune.jpg\",\"datePublished\":\"2018-03-13T17:35:08+00:00\",\"dateModified\":\"2018-10-04T09:28:13+00:00\",\"author\":{\"@id\":\"https:\\\/\\\/www.psicologiacolmenar.es\\\/psicologo\\\/#\\\/schema\\\/person\\\/c14b55b6ab94baa638c4e455b0f5efcd\"},\"description\":\"psicologo colmenar viejo\",\"breadcrumb\":{\"@id\":\"https:\\\/\\\/www.psicologiacolmenar.es\\\/psicologo\\\/narcolepsia\\\/#breadcrumb\"},\"inLanguage\":\"es\",\"potentialAction\":[{\"@type\":\"ReadAction\",\"target\":[\"https:\\\/\\\/www.psicologiacolmenar.es\\\/psicologo\\\/narcolepsia\\\/\"]}]},{\"@type\":\"ImageObject\",\"inLanguage\":\"es\",\"@id\":\"https:\\\/\\\/www.psicologiacolmenar.es\\\/psicologo\\\/narcolepsia\\\/#primaryimage\",\"url\":\"https:\\\/\\\/www.psicologiacolmenar.es\\\/psicologo\\\/wp-content\\\/uploads\\\/2018\\\/03\\\/narcolepsia-enfermedad-autoinmune.jpg\",\"contentUrl\":\"https:\\\/\\\/www.psicologiacolmenar.es\\\/psicologo\\\/wp-content\\\/uploads\\\/2018\\\/03\\\/narcolepsia-enfermedad-autoinmune.jpg\",\"width\":720,\"height\":355},{\"@type\":\"BreadcrumbList\",\"@id\":\"https:\\\/\\\/www.psicologiacolmenar.es\\\/psicologo\\\/narcolepsia\\\/#breadcrumb\",\"itemListElement\":[{\"@type\":\"ListItem\",\"position\":1,\"name\":\"Portada\",\"item\":\"https:\\\/\\\/www.psicologiacolmenar.es\\\/psicologo\\\/\"},{\"@type\":\"ListItem\",\"position\":2,\"name\":\"Narcolepsia\"}]},{\"@type\":\"WebSite\",\"@id\":\"https:\\\/\\\/www.psicologiacolmenar.es\\\/psicologo\\\/#website\",\"url\":\"https:\\\/\\\/www.psicologiacolmenar.es\\\/psicologo\\\/\",\"name\":\"Psicologos en Colmenar Viejo Madrid\",\"description\":\"Gabinete de psicologos y Centro de psicolog\u00eda en Colmenar Viejo\",\"potentialAction\":[{\"@type\":\"SearchAction\",\"target\":{\"@type\":\"EntryPoint\",\"urlTemplate\":\"https:\\\/\\\/www.psicologiacolmenar.es\\\/psicologo\\\/?s={search_term_string}\"},\"query-input\":{\"@type\":\"PropertyValueSpecification\",\"valueRequired\":true,\"valueName\":\"search_term_string\"}}],\"inLanguage\":\"es\"},{\"@type\":\"Person\",\"@id\":\"https:\\\/\\\/www.psicologiacolmenar.es\\\/psicologo\\\/#\\\/schema\\\/person\\\/c14b55b6ab94baa638c4e455b0f5efcd\",\"name\":\"Psicologo Colmenar Viejo\",\"url\":\"https:\\\/\\\/www.psicologiacolmenar.es\\\/psicologo\\\/author\\\/psicologo-colmenar-viejo\\\/\"}]}<\/script>\n<!-- \/ Yoast SEO Premium plugin. -->","yoast_head_json":{"title":"Narcolepsia - Psicologos en Colmenar Viejo Madrid","description":"psicologo colmenar viejo","robots":{"index":"index","follow":"follow","max-snippet":"max-snippet:-1","max-image-preview":"max-image-preview:large","max-video-preview":"max-video-preview:-1"},"canonical":"https:\/\/www.psicologiacolmenar.es\/psicologo\/narcolepsia\/","og_locale":"es_ES","og_type":"article","og_title":"Narcolepsia","og_description":"La narcolepsia es un s\u00edndrome caracterizado por la presencia de cuatro s\u00edntomas que representan la denominada \u201cT\u00e9trada narcol\u00e9ptica\u201d: \u2022 Somnolencia","og_url":"https:\/\/www.psicologiacolmenar.es\/psicologo\/narcolepsia\/","og_site_name":"Psicologos en Colmenar Viejo Madrid","article_publisher":"https:\/\/www.facebook.com\/psicologocolmenar\/","article_published_time":"2018-03-13T17:35:08+00:00","article_modified_time":"2018-10-04T09:28:13+00:00","og_image":[{"width":720,"height":355,"url":"https:\/\/www.psicologiacolmenar.es\/psicologo\/wp-content\/uploads\/2018\/03\/narcolepsia-enfermedad-autoinmune.jpg","type":"image\/jpeg"}],"author":"Psicologo Colmenar Viejo","twitter_card":"summary_large_image","twitter_creator":"@jmsanmartinps1","twitter_site":"@jmsanmartinps1","twitter_misc":{"Escrito por":"Psicologo Colmenar Viejo","Tiempo de lectura":"1 minuto"},"schema":{"@context":"https:\/\/schema.org","@graph":[{"@type":"Article","@id":"https:\/\/www.psicologiacolmenar.es\/psicologo\/narcolepsia\/#article","isPartOf":{"@id":"https:\/\/www.psicologiacolmenar.es\/psicologo\/narcolepsia\/"},"author":{"name":"Psicologo Colmenar Viejo","@id":"https:\/\/www.psicologiacolmenar.es\/psicologo\/#\/schema\/person\/c14b55b6ab94baa638c4e455b0f5efcd"},"headline":"Narcolepsia","datePublished":"2018-03-13T17:35:08+00:00","dateModified":"2018-10-04T09:28:13+00:00","mainEntityOfPage":{"@id":"https:\/\/www.psicologiacolmenar.es\/psicologo\/narcolepsia\/"},"wordCount":252,"commentCount":0,"image":{"@id":"https:\/\/www.psicologiacolmenar.es\/psicologo\/narcolepsia\/#primaryimage"},"thumbnailUrl":"https:\/\/www.psicologiacolmenar.es\/psicologo\/wp-content\/uploads\/2018\/03\/narcolepsia-enfermedad-autoinmune.jpg","keywords":["alucinaciones hionagogicas","cataplexia","narcolepsia","paralisis de sue\u00f1o","somnolencia","trastornos de sue\u00f1o"],"articleSection":["OTROS TRASTORNOS"],"inLanguage":"es","potentialAction":[{"@type":"CommentAction","name":"Comment","target":["https:\/\/www.psicologiacolmenar.es\/psicologo\/narcolepsia\/#respond"]}]},{"@type":"WebPage","@id":"https:\/\/www.psicologiacolmenar.es\/psicologo\/narcolepsia\/","url":"https:\/\/www.psicologiacolmenar.es\/psicologo\/narcolepsia\/","name":"Narcolepsia - Psicologos en Colmenar Viejo Madrid","isPartOf":{"@id":"https:\/\/www.psicologiacolmenar.es\/psicologo\/#website"},"primaryImageOfPage":{"@id":"https:\/\/www.psicologiacolmenar.es\/psicologo\/narcolepsia\/#primaryimage"},"image":{"@id":"https:\/\/www.psicologiacolmenar.es\/psicologo\/narcolepsia\/#primaryimage"},"thumbnailUrl":"https:\/\/www.psicologiacolmenar.es\/psicologo\/wp-content\/uploads\/2018\/03\/narcolepsia-enfermedad-autoinmune.jpg","datePublished":"2018-03-13T17:35:08+00:00","dateModified":"2018-10-04T09:28:13+00:00","author":{"@id":"https:\/\/www.psicologiacolmenar.es\/psicologo\/#\/schema\/person\/c14b55b6ab94baa638c4e455b0f5efcd"},"description":"psicologo colmenar viejo","breadcrumb":{"@id":"https:\/\/www.psicologiacolmenar.es\/psicologo\/narcolepsia\/#breadcrumb"},"inLanguage":"es","potentialAction":[{"@type":"ReadAction","target":["https:\/\/www.psicologiacolmenar.es\/psicologo\/narcolepsia\/"]}]},{"@type":"ImageObject","inLanguage":"es","@id":"https:\/\/www.psicologiacolmenar.es\/psicologo\/narcolepsia\/#primaryimage","url":"https:\/\/www.psicologiacolmenar.es\/psicologo\/wp-content\/uploads\/2018\/03\/narcolepsia-enfermedad-autoinmune.jpg","contentUrl":"https:\/\/www.psicologiacolmenar.es\/psicologo\/wp-content\/uploads\/2018\/03\/narcolepsia-enfermedad-autoinmune.jpg","width":720,"height":355},{"@type":"BreadcrumbList","@id":"https:\/\/www.psicologiacolmenar.es\/psicologo\/narcolepsia\/#breadcrumb","itemListElement":[{"@type":"ListItem","position":1,"name":"Portada","item":"https:\/\/www.psicologiacolmenar.es\/psicologo\/"},{"@type":"ListItem","position":2,"name":"Narcolepsia"}]},{"@type":"WebSite","@id":"https:\/\/www.psicologiacolmenar.es\/psicologo\/#website","url":"https:\/\/www.psicologiacolmenar.es\/psicologo\/","name":"Psicologos en Colmenar Viejo Madrid","description":"Gabinete de psicologos y Centro de psicolog\u00eda en Colmenar Viejo","potentialAction":[{"@type":"SearchAction","target":{"@type":"EntryPoint","urlTemplate":"https:\/\/www.psicologiacolmenar.es\/psicologo\/?s={search_term_string}"},"query-input":{"@type":"PropertyValueSpecification","valueRequired":true,"valueName":"search_term_string"}}],"inLanguage":"es"},{"@type":"Person","@id":"https:\/\/www.psicologiacolmenar.es\/psicologo\/#\/schema\/person\/c14b55b6ab94baa638c4e455b0f5efcd","name":"Psicologo Colmenar Viejo","url":"https:\/\/www.psicologiacolmenar.es\/psicologo\/author\/psicologo-colmenar-viejo\/"}]}},"_links":{"self":[{"href":"https:\/\/www.psicologiacolmenar.es\/psicologo\/wp-json\/wp\/v2\/posts\/896","targetHints":{"allow":["GET"]}}],"collection":[{"href":"https:\/\/www.psicologiacolmenar.es\/psicologo\/wp-json\/wp\/v2\/posts"}],"about":[{"href":"https:\/\/www.psicologiacolmenar.es\/psicologo\/wp-json\/wp\/v2\/types\/post"}],"author":[{"embeddable":true,"href":"https:\/\/www.psicologiacolmenar.es\/psicologo\/wp-json\/wp\/v2\/users\/2"}],"replies":[{"embeddable":true,"href":"https:\/\/www.psicologiacolmenar.es\/psicologo\/wp-json\/wp\/v2\/comments?post=896"}],"version-history":[{"count":1,"href":"https:\/\/www.psicologiacolmenar.es\/psicologo\/wp-json\/wp\/v2\/posts\/896\/revisions"}],"predecessor-version":[{"id":899,"href":"https:\/\/www.psicologiacolmenar.es\/psicologo\/wp-json\/wp\/v2\/posts\/896\/revisions\/899"}],"wp:featuredmedia":[{"embeddable":true,"href":"https:\/\/www.psicologiacolmenar.es\/psicologo\/wp-json\/wp\/v2\/media\/897"}],"wp:attachment":[{"href":"https:\/\/www.psicologiacolmenar.es\/psicologo\/wp-json\/wp\/v2\/media?parent=896"}],"wp:term":[{"taxonomy":"category","embeddable":true,"href":"https:\/\/www.psicologiacolmenar.es\/psicologo\/wp-json\/wp\/v2\/categories?post=896"},{"taxonomy":"post_tag","embeddable":true,"href":"https:\/\/www.psicologiacolmenar.es\/psicologo\/wp-json\/wp\/v2\/tags?post=896"}],"curies":[{"name":"wp","href":"https:\/\/api.w.org\/{rel}","templated":true}]}}