{"id":900,"date":"2018-03-13T17:41:13","date_gmt":"2018-03-13T17:41:13","guid":{"rendered":"http:\/\/psicologiacolmenar.es\/psicologo\/?p=900"},"modified":"2019-09-09T10:21:53","modified_gmt":"2019-09-09T10:21:53","slug":"trastornos-de-sueno-en-la-infancia","status":"publish","type":"post","link":"https:\/\/www.psicologiacolmenar.es\/psicologo\/trastornos-de-sueno-en-la-infancia\/","title":{"rendered":"<h2>Trastornos de sue\u00f1o en la infancia<\/h2> <h4>Un s\u00edntoma de otros trastornos de la infancia<\/h4>"},"content":{"rendered":"<p>Los trastornos de sue\u00f1o son frecuentes en la infancia, estos son los principales:<\/p>\n<h2><strong>Insomnio<\/strong><\/h2>\n<p><strong>C<\/strong>onstituye una de las quejas mas frecuentes en la infancia. Despu\u00e9s de los seis meses, se considera que un ni\u00f1o sufre insomnio si al menos dos veces por semana necesita m\u00e1s de 45 minutos para quedarse dormido, o si se despierta totalmente, al menos una vez a la semana sin poder volver\u00e1 a dormirse de su nuevo. Existen dos tipos de insomnio infantil, insomnio por h\u00e1bitos err\u00f3neos o incorrectos (el m\u00e1s frecuente) y el debido a trastornos psicol\u00f3gicos. El tratamiento m\u00e1s eficaz en el primero es la reeducaci\u00f3n de los h\u00e1bitos de sue\u00f1o mediante t\u00e9cnicas conductuales. En los segundos el tratamiento con \u00e9xito del trastorno en cuesti\u00f3n conllevar\u00e1 la mejora en el sue\u00f1o.<\/p>\n<h2><strong>Hipersomnias y trastornos por somnolencia excesiva<\/strong><\/h2>\n<p>Los debidos a problemas respiratorios durante el sue\u00f1o (apnea) o <a href=\"https:\/\/psicologiacolmenar.es\/psicologo\/narcolepsia\/\" target=\"_blank\" rel=\"noopener\">el s\u00edndrome narcol\u00e9ptico<\/a> son los principales.<\/p>\n<h2>Parasomnias<\/h2>\n<p>Se trata de conductas o acontecimientos fisiol\u00f3gicos anormales que ocurren asociados al sue\u00f1o, las principales son:<\/p>\n<h3>Trastornos del despertar<\/h3>\n<p><strong>Sonambulismo<\/strong>, la persona dormida se levanta, camina, habla y se comporta como si estuviese despierta; los actos realizados no se recuerdan al despertar.<\/p>\n<p><strong>Terrores nocturnos<\/strong>, se caracteriza por llanto brusco e inesperado del ni\u00f1o, que se acompa\u00f1a de una expresi\u00f3n de miedo intenso en la cara y sudor fr\u00edo.<\/p>\n<p><strong>Despertar confusional<\/strong><\/p>\n<h3>Trastornos de transici\u00f3n vigilia\/sue\u00f1o<\/h3>\n<p><strong>Movimientos r\u00edtmicos durante el sue\u00f1o<\/strong>, por ejemplo, golpear la cabeza contra la almohada.<\/p>\n<p><strong>Sobresaltos durante el sue\u00f1o<\/strong><\/p>\n<p><strong>Somniloquio<\/strong>, hablar durante el sue\u00f1o<\/p>\n<p><strong>Calambres en los miembros inferiores<\/strong><\/p>\n<h3>Parasomnias asociadas al sue\u00f1o REM<\/h3>\n<p><strong>Pesadillas<\/strong><\/p>\n<p><strong>Par\u00e1lisis del sue\u00f1o<\/strong><\/p>\n<p><strong>Trastorno de conducta asociado al sue\u00f1o<\/strong><\/p>\n<h3>Otras parasomnias<\/h3>\n<p><strong>Bruxismo<\/strong>, \u201cchirriar de dientes\u201d<\/p>\n<p><strong>Enuresis nocturna<\/strong>, \u201cmojar la cama\u201d<\/p>\n<p>Ante este tipo de trastornos se debe descartar cualquier componente org\u00e1nico o enfermedad, as\u00ed como alg\u00fan<a href=\"https:\/\/psicologiacolmenar.es\/psicologo\/terapias\/terapia-infantil-colmenar-viejo\/\" target=\"_blank\" rel=\"noopener\"> trastorno psicol\u00f3gico<\/a> que pudiera estar tras su aparici\u00f3n.<\/p>\n<p><a href=\"https:\/\/psicologiacolmenar.es\/psicologo\/psicologo-colmenar-viejo\/\" target=\"_blank\" rel=\"noopener\">J. Miguel San Mart\u00edn<\/a>. Psic\u00f3logo sanitario<\/p>\n","protected":false},"excerpt":{"rendered":"<p>Los trastornos de sue\u00f1o son frecuentes en la infancia, estos son los principales: Insomnio Constituye una de las quejas mas frecuentes en la infancia. Despu\u00e9s de los seis meses, se considera que un ni\u00f1o sufre insomnio si al menos dos veces por semana necesita m\u00e1s de 45 minutos para quedarse dormido, o si se despierta [&hellip;]<\/p>\n","protected":false},"author":2,"featured_media":898,"comment_status":"open","ping_status":"open","sticky":false,"template":"","format":"standard","meta":{"_et_pb_use_builder":"","_et_pb_old_content":"","_et_gb_content_width":"","footnotes":""},"categories":[309,308],"tags":[208,22,21,207,209,206],"class_list":["post-900","post","type-post","status-publish","format-standard","has-post-thumbnail","hentry","category-familia","category-infancia-y-adolescencia","tag-bruxismo","tag-insomnio","tag-narcolepsia","tag-pesadillas","tag-somniloquio","tag-terrores-nocturnos"],"yoast_head":"<!-- This site is optimized with the Yoast SEO Premium plugin v19.2.1 (Yoast SEO v27.5) - https:\/\/yoast.com\/product\/yoast-seo-premium-wordpress\/ -->\n<title>Trastornos de sue\u00f1o en la infancia - Psicologos en Colmenar Viejo Madrid<\/title>\n<meta name=\"description\" content=\"Los trastornos de sue\u00f1o son frecuentes en la infancia, estos son los principales:Insomnio: constituye una de las quejas mas frecuentes en la infancia.\" \/>\n<meta name=\"robots\" content=\"index, follow, max-snippet:-1, max-image-preview:large, max-video-preview:-1\" \/>\n<link rel=\"canonical\" href=\"https:\/\/www.psicologiacolmenar.es\/psicologo\/trastornos-de-sueno-en-la-infancia\/\" \/>\n<meta property=\"og:locale\" content=\"es_ES\" \/>\n<meta property=\"og:type\" content=\"article\" \/>\n<meta property=\"og:title\" content=\"Trastornos de sue\u00f1o en la infancia\" \/>\n<meta property=\"og:description\" content=\"Los trastornos de sue\u00f1o son frecuentes en la infancia, estos son los principales: Insomnio Constituye una de las quejas mas frecuentes en la infancia.\" \/>\n<meta property=\"og:url\" content=\"https:\/\/www.psicologiacolmenar.es\/psicologo\/trastornos-de-sueno-en-la-infancia\/\" \/>\n<meta property=\"og:site_name\" content=\"Psicologos en Colmenar Viejo Madrid\" \/>\n<meta property=\"article:publisher\" content=\"https:\/\/www.facebook.com\/psicologocolmenar\/\" \/>\n<meta property=\"article:published_time\" content=\"2018-03-13T17:41:13+00:00\" \/>\n<meta property=\"article:modified_time\" content=\"2019-09-09T10:21:53+00:00\" \/>\n<meta property=\"og:image\" content=\"https:\/\/www.psicologiacolmenar.es\/psicologo\/wp-content\/uploads\/2018\/03\/trastornos-sueno-infantil_3.jpg\" \/>\n\t<meta property=\"og:image:width\" content=\"615\" \/>\n\t<meta property=\"og:image:height\" content=\"409\" \/>\n\t<meta property=\"og:image:type\" content=\"image\/jpeg\" \/>\n<meta name=\"author\" content=\"Psicologo Colmenar Viejo\" \/>\n<meta name=\"twitter:card\" content=\"summary_large_image\" \/>\n<meta name=\"twitter:creator\" content=\"@jmsanmartinps1\" \/>\n<meta name=\"twitter:site\" content=\"@jmsanmartinps1\" \/>\n<meta name=\"twitter:label1\" content=\"Escrito por\" \/>\n\t<meta name=\"twitter:data1\" content=\"Psicologo Colmenar Viejo\" \/>\n\t<meta name=\"twitter:label2\" content=\"Tiempo de lectura\" \/>\n\t<meta name=\"twitter:data2\" content=\"2 minutos\" \/>\n<script type=\"application\/ld+json\" class=\"yoast-schema-graph\">{\"@context\":\"https:\\\/\\\/schema.org\",\"@graph\":[{\"@type\":\"Article\",\"@id\":\"https:\\\/\\\/www.psicologiacolmenar.es\\\/psicologo\\\/trastornos-de-sueno-en-la-infancia\\\/#article\",\"isPartOf\":{\"@id\":\"https:\\\/\\\/www.psicologiacolmenar.es\\\/psicologo\\\/trastornos-de-sueno-en-la-infancia\\\/\"},\"author\":{\"name\":\"Psicologo Colmenar Viejo\",\"@id\":\"https:\\\/\\\/www.psicologiacolmenar.es\\\/psicologo\\\/#\\\/schema\\\/person\\\/c14b55b6ab94baa638c4e455b0f5efcd\"},\"headline\":\"Trastornos de sue\u00f1o en la infancia Un s\u00edntoma de otros trastornos de la infancia\",\"datePublished\":\"2018-03-13T17:41:13+00:00\",\"dateModified\":\"2019-09-09T10:21:53+00:00\",\"mainEntityOfPage\":{\"@id\":\"https:\\\/\\\/www.psicologiacolmenar.es\\\/psicologo\\\/trastornos-de-sueno-en-la-infancia\\\/\"},\"wordCount\":354,\"commentCount\":0,\"image\":{\"@id\":\"https:\\\/\\\/www.psicologiacolmenar.es\\\/psicologo\\\/trastornos-de-sueno-en-la-infancia\\\/#primaryimage\"},\"thumbnailUrl\":\"https:\\\/\\\/www.psicologiacolmenar.es\\\/psicologo\\\/wp-content\\\/uploads\\\/2018\\\/03\\\/trastornos-sueno-infantil_3.jpg\",\"keywords\":[\"bruxismo\",\"insomnio\",\"narcolepsia\",\"pesadillas\",\"somniloquio\",\"terrores nocturnos\"],\"articleSection\":[\"FAMILIA\",\"INFANCIA Y ADOLESCENCIA\"],\"inLanguage\":\"es\",\"potentialAction\":[{\"@type\":\"CommentAction\",\"name\":\"Comment\",\"target\":[\"https:\\\/\\\/www.psicologiacolmenar.es\\\/psicologo\\\/trastornos-de-sueno-en-la-infancia\\\/#respond\"]}]},{\"@type\":\"WebPage\",\"@id\":\"https:\\\/\\\/www.psicologiacolmenar.es\\\/psicologo\\\/trastornos-de-sueno-en-la-infancia\\\/\",\"url\":\"https:\\\/\\\/www.psicologiacolmenar.es\\\/psicologo\\\/trastornos-de-sueno-en-la-infancia\\\/\",\"name\":\"Trastornos de sue\u00f1o en la infancia - Psicologos en Colmenar Viejo Madrid\",\"isPartOf\":{\"@id\":\"https:\\\/\\\/www.psicologiacolmenar.es\\\/psicologo\\\/#website\"},\"primaryImageOfPage\":{\"@id\":\"https:\\\/\\\/www.psicologiacolmenar.es\\\/psicologo\\\/trastornos-de-sueno-en-la-infancia\\\/#primaryimage\"},\"image\":{\"@id\":\"https:\\\/\\\/www.psicologiacolmenar.es\\\/psicologo\\\/trastornos-de-sueno-en-la-infancia\\\/#primaryimage\"},\"thumbnailUrl\":\"https:\\\/\\\/www.psicologiacolmenar.es\\\/psicologo\\\/wp-content\\\/uploads\\\/2018\\\/03\\\/trastornos-sueno-infantil_3.jpg\",\"datePublished\":\"2018-03-13T17:41:13+00:00\",\"dateModified\":\"2019-09-09T10:21:53+00:00\",\"author\":{\"@id\":\"https:\\\/\\\/www.psicologiacolmenar.es\\\/psicologo\\\/#\\\/schema\\\/person\\\/c14b55b6ab94baa638c4e455b0f5efcd\"},\"description\":\"Los trastornos de sue\u00f1o son frecuentes en la infancia, estos son los principales:Insomnio: constituye una de las quejas mas frecuentes en la infancia.\",\"breadcrumb\":{\"@id\":\"https:\\\/\\\/www.psicologiacolmenar.es\\\/psicologo\\\/trastornos-de-sueno-en-la-infancia\\\/#breadcrumb\"},\"inLanguage\":\"es\",\"potentialAction\":[{\"@type\":\"ReadAction\",\"target\":[\"https:\\\/\\\/www.psicologiacolmenar.es\\\/psicologo\\\/trastornos-de-sueno-en-la-infancia\\\/\"]}]},{\"@type\":\"ImageObject\",\"inLanguage\":\"es\",\"@id\":\"https:\\\/\\\/www.psicologiacolmenar.es\\\/psicologo\\\/trastornos-de-sueno-en-la-infancia\\\/#primaryimage\",\"url\":\"https:\\\/\\\/www.psicologiacolmenar.es\\\/psicologo\\\/wp-content\\\/uploads\\\/2018\\\/03\\\/trastornos-sueno-infantil_3.jpg\",\"contentUrl\":\"https:\\\/\\\/www.psicologiacolmenar.es\\\/psicologo\\\/wp-content\\\/uploads\\\/2018\\\/03\\\/trastornos-sueno-infantil_3.jpg\",\"width\":615,\"height\":409,\"caption\":\"trastornos infantiles\"},{\"@type\":\"BreadcrumbList\",\"@id\":\"https:\\\/\\\/www.psicologiacolmenar.es\\\/psicologo\\\/trastornos-de-sueno-en-la-infancia\\\/#breadcrumb\",\"itemListElement\":[{\"@type\":\"ListItem\",\"position\":1,\"name\":\"Portada\",\"item\":\"https:\\\/\\\/www.psicologiacolmenar.es\\\/psicologo\\\/\"},{\"@type\":\"ListItem\",\"position\":2,\"name\":\"Trastornos de sue\u00f1o en la infancia Un s\u00edntoma de otros trastornos de la infancia\"}]},{\"@type\":\"WebSite\",\"@id\":\"https:\\\/\\\/www.psicologiacolmenar.es\\\/psicologo\\\/#website\",\"url\":\"https:\\\/\\\/www.psicologiacolmenar.es\\\/psicologo\\\/\",\"name\":\"Psicologos en Colmenar Viejo Madrid\",\"description\":\"Gabinete de psicologos y Centro de psicolog\u00eda en Colmenar Viejo\",\"potentialAction\":[{\"@type\":\"SearchAction\",\"target\":{\"@type\":\"EntryPoint\",\"urlTemplate\":\"https:\\\/\\\/www.psicologiacolmenar.es\\\/psicologo\\\/?s={search_term_string}\"},\"query-input\":{\"@type\":\"PropertyValueSpecification\",\"valueRequired\":true,\"valueName\":\"search_term_string\"}}],\"inLanguage\":\"es\"},{\"@type\":\"Person\",\"@id\":\"https:\\\/\\\/www.psicologiacolmenar.es\\\/psicologo\\\/#\\\/schema\\\/person\\\/c14b55b6ab94baa638c4e455b0f5efcd\",\"name\":\"Psicologo Colmenar Viejo\",\"url\":\"https:\\\/\\\/www.psicologiacolmenar.es\\\/psicologo\\\/author\\\/psicologo-colmenar-viejo\\\/\"}]}<\/script>\n<!-- \/ Yoast SEO Premium plugin. -->","yoast_head_json":{"title":"Trastornos de sue\u00f1o en la infancia - Psicologos en Colmenar Viejo Madrid","description":"Los trastornos de sue\u00f1o son frecuentes en la infancia, estos son los principales:Insomnio: constituye una de las quejas mas frecuentes en la infancia.","robots":{"index":"index","follow":"follow","max-snippet":"max-snippet:-1","max-image-preview":"max-image-preview:large","max-video-preview":"max-video-preview:-1"},"canonical":"https:\/\/www.psicologiacolmenar.es\/psicologo\/trastornos-de-sueno-en-la-infancia\/","og_locale":"es_ES","og_type":"article","og_title":"Trastornos de sue\u00f1o en la infancia","og_description":"Los trastornos de sue\u00f1o son frecuentes en la infancia, estos son los principales: Insomnio Constituye una de las quejas mas frecuentes en la infancia.","og_url":"https:\/\/www.psicologiacolmenar.es\/psicologo\/trastornos-de-sueno-en-la-infancia\/","og_site_name":"Psicologos en Colmenar Viejo Madrid","article_publisher":"https:\/\/www.facebook.com\/psicologocolmenar\/","article_published_time":"2018-03-13T17:41:13+00:00","article_modified_time":"2019-09-09T10:21:53+00:00","og_image":[{"width":615,"height":409,"url":"https:\/\/www.psicologiacolmenar.es\/psicologo\/wp-content\/uploads\/2018\/03\/trastornos-sueno-infantil_3.jpg","type":"image\/jpeg"}],"author":"Psicologo Colmenar Viejo","twitter_card":"summary_large_image","twitter_creator":"@jmsanmartinps1","twitter_site":"@jmsanmartinps1","twitter_misc":{"Escrito por":"Psicologo Colmenar Viejo","Tiempo de lectura":"2 minutos"},"schema":{"@context":"https:\/\/schema.org","@graph":[{"@type":"Article","@id":"https:\/\/www.psicologiacolmenar.es\/psicologo\/trastornos-de-sueno-en-la-infancia\/#article","isPartOf":{"@id":"https:\/\/www.psicologiacolmenar.es\/psicologo\/trastornos-de-sueno-en-la-infancia\/"},"author":{"name":"Psicologo Colmenar Viejo","@id":"https:\/\/www.psicologiacolmenar.es\/psicologo\/#\/schema\/person\/c14b55b6ab94baa638c4e455b0f5efcd"},"headline":"Trastornos de sue\u00f1o en la infancia Un s\u00edntoma de otros trastornos de la infancia","datePublished":"2018-03-13T17:41:13+00:00","dateModified":"2019-09-09T10:21:53+00:00","mainEntityOfPage":{"@id":"https:\/\/www.psicologiacolmenar.es\/psicologo\/trastornos-de-sueno-en-la-infancia\/"},"wordCount":354,"commentCount":0,"image":{"@id":"https:\/\/www.psicologiacolmenar.es\/psicologo\/trastornos-de-sueno-en-la-infancia\/#primaryimage"},"thumbnailUrl":"https:\/\/www.psicologiacolmenar.es\/psicologo\/wp-content\/uploads\/2018\/03\/trastornos-sueno-infantil_3.jpg","keywords":["bruxismo","insomnio","narcolepsia","pesadillas","somniloquio","terrores nocturnos"],"articleSection":["FAMILIA","INFANCIA Y ADOLESCENCIA"],"inLanguage":"es","potentialAction":[{"@type":"CommentAction","name":"Comment","target":["https:\/\/www.psicologiacolmenar.es\/psicologo\/trastornos-de-sueno-en-la-infancia\/#respond"]}]},{"@type":"WebPage","@id":"https:\/\/www.psicologiacolmenar.es\/psicologo\/trastornos-de-sueno-en-la-infancia\/","url":"https:\/\/www.psicologiacolmenar.es\/psicologo\/trastornos-de-sueno-en-la-infancia\/","name":"Trastornos de sue\u00f1o en la infancia - Psicologos en Colmenar Viejo Madrid","isPartOf":{"@id":"https:\/\/www.psicologiacolmenar.es\/psicologo\/#website"},"primaryImageOfPage":{"@id":"https:\/\/www.psicologiacolmenar.es\/psicologo\/trastornos-de-sueno-en-la-infancia\/#primaryimage"},"image":{"@id":"https:\/\/www.psicologiacolmenar.es\/psicologo\/trastornos-de-sueno-en-la-infancia\/#primaryimage"},"thumbnailUrl":"https:\/\/www.psicologiacolmenar.es\/psicologo\/wp-content\/uploads\/2018\/03\/trastornos-sueno-infantil_3.jpg","datePublished":"2018-03-13T17:41:13+00:00","dateModified":"2019-09-09T10:21:53+00:00","author":{"@id":"https:\/\/www.psicologiacolmenar.es\/psicologo\/#\/schema\/person\/c14b55b6ab94baa638c4e455b0f5efcd"},"description":"Los trastornos de sue\u00f1o son frecuentes en la infancia, estos son los principales:Insomnio: constituye una de las quejas mas frecuentes en la infancia.","breadcrumb":{"@id":"https:\/\/www.psicologiacolmenar.es\/psicologo\/trastornos-de-sueno-en-la-infancia\/#breadcrumb"},"inLanguage":"es","potentialAction":[{"@type":"ReadAction","target":["https:\/\/www.psicologiacolmenar.es\/psicologo\/trastornos-de-sueno-en-la-infancia\/"]}]},{"@type":"ImageObject","inLanguage":"es","@id":"https:\/\/www.psicologiacolmenar.es\/psicologo\/trastornos-de-sueno-en-la-infancia\/#primaryimage","url":"https:\/\/www.psicologiacolmenar.es\/psicologo\/wp-content\/uploads\/2018\/03\/trastornos-sueno-infantil_3.jpg","contentUrl":"https:\/\/www.psicologiacolmenar.es\/psicologo\/wp-content\/uploads\/2018\/03\/trastornos-sueno-infantil_3.jpg","width":615,"height":409,"caption":"trastornos infantiles"},{"@type":"BreadcrumbList","@id":"https:\/\/www.psicologiacolmenar.es\/psicologo\/trastornos-de-sueno-en-la-infancia\/#breadcrumb","itemListElement":[{"@type":"ListItem","position":1,"name":"Portada","item":"https:\/\/www.psicologiacolmenar.es\/psicologo\/"},{"@type":"ListItem","position":2,"name":"Trastornos de sue\u00f1o en la infancia Un s\u00edntoma de otros trastornos de la infancia"}]},{"@type":"WebSite","@id":"https:\/\/www.psicologiacolmenar.es\/psicologo\/#website","url":"https:\/\/www.psicologiacolmenar.es\/psicologo\/","name":"Psicologos en Colmenar Viejo Madrid","description":"Gabinete de psicologos y Centro de psicolog\u00eda en Colmenar Viejo","potentialAction":[{"@type":"SearchAction","target":{"@type":"EntryPoint","urlTemplate":"https:\/\/www.psicologiacolmenar.es\/psicologo\/?s={search_term_string}"},"query-input":{"@type":"PropertyValueSpecification","valueRequired":true,"valueName":"search_term_string"}}],"inLanguage":"es"},{"@type":"Person","@id":"https:\/\/www.psicologiacolmenar.es\/psicologo\/#\/schema\/person\/c14b55b6ab94baa638c4e455b0f5efcd","name":"Psicologo Colmenar Viejo","url":"https:\/\/www.psicologiacolmenar.es\/psicologo\/author\/psicologo-colmenar-viejo\/"}]}},"_links":{"self":[{"href":"https:\/\/www.psicologiacolmenar.es\/psicologo\/wp-json\/wp\/v2\/posts\/900","targetHints":{"allow":["GET"]}}],"collection":[{"href":"https:\/\/www.psicologiacolmenar.es\/psicologo\/wp-json\/wp\/v2\/posts"}],"about":[{"href":"https:\/\/www.psicologiacolmenar.es\/psicologo\/wp-json\/wp\/v2\/types\/post"}],"author":[{"embeddable":true,"href":"https:\/\/www.psicologiacolmenar.es\/psicologo\/wp-json\/wp\/v2\/users\/2"}],"replies":[{"embeddable":true,"href":"https:\/\/www.psicologiacolmenar.es\/psicologo\/wp-json\/wp\/v2\/comments?post=900"}],"version-history":[{"count":3,"href":"https:\/\/www.psicologiacolmenar.es\/psicologo\/wp-json\/wp\/v2\/posts\/900\/revisions"}],"predecessor-version":[{"id":1170,"href":"https:\/\/www.psicologiacolmenar.es\/psicologo\/wp-json\/wp\/v2\/posts\/900\/revisions\/1170"}],"wp:featuredmedia":[{"embeddable":true,"href":"https:\/\/www.psicologiacolmenar.es\/psicologo\/wp-json\/wp\/v2\/media\/898"}],"wp:attachment":[{"href":"https:\/\/www.psicologiacolmenar.es\/psicologo\/wp-json\/wp\/v2\/media?parent=900"}],"wp:term":[{"taxonomy":"category","embeddable":true,"href":"https:\/\/www.psicologiacolmenar.es\/psicologo\/wp-json\/wp\/v2\/categories?post=900"},{"taxonomy":"post_tag","embeddable":true,"href":"https:\/\/www.psicologiacolmenar.es\/psicologo\/wp-json\/wp\/v2\/tags?post=900"}],"curies":[{"name":"wp","href":"https:\/\/api.w.org\/{rel}","templated":true}]}}