{"id":915,"date":"2018-04-17T11:28:08","date_gmt":"2018-04-17T11:28:08","guid":{"rendered":"http:\/\/psicologiacolmenar.es\/psicologo\/?p=915"},"modified":"2018-10-04T09:23:04","modified_gmt":"2018-10-04T09:23:04","slug":"dolor-cronico","status":"publish","type":"post","link":"https:\/\/www.psicologiacolmenar.es\/psicologo\/dolor-cronico\/","title":{"rendered":"Dolor Cr\u00f3nico"},"content":{"rendered":"<p>El dolor es una experiencia inherente al ser humano. Experiencia desagradable que nos gustar\u00eda evitar o abolir en la medida de lo posible y que desde siempre las personas han intentado superar recurriendo para ello a todo tipo de procedimientos, como curanderos, sustancias milagrosas, ritos etc.<br \/>\nEl dolor es la causa m\u00e1s com\u00fan de consulta m\u00e9dica. Adem\u00e1s, supone importantes costes econ\u00f3micos para la sociedad ocasionados por los gastos en medicamentos, la p\u00e9rdida de horas de trabajo y de producci\u00f3n.<br \/>\nDesde el punto de vista personal, la presencia continuada de dolor supone importantes limitaciones para la persona que lo padece, afectando a su vida laboral (absentismo, bajas por enfermedad, incapacitaciones, etc.), su econom\u00eda (gastos m\u00e9dicos, disminuci\u00f3n de ingresos, etc.), las relaciones familiares y sociales (con mayores tensiones y problemas, progresivo aislamiento, etc.), problemas emocionales (irritabilidad, ira, depresi\u00f3n, etc.), su nivel de actividad con una notable disminuci\u00f3n en todas las \u00e1reas (sus h\u00e1bitos de alimentaci\u00f3n, patrones de sue\u00f1o, etc.).<br \/>\nEl dolor cumple una funci\u00f3n adaptativa en la preservaci\u00f3n de la integridad biol\u00f3gica del organismo. En este sentido, supone una se\u00f1al de alarma que indica que algo no marcha bien en el organismo y que es necesario tomar medidas para contrarrestar o curar la lesi\u00f3n o el da\u00f1o que lo ha provocado. Sin embargo, cuando ese dolor persiste durante largos periodos de tiempo una vez el sujeto ha sido informado de la presencia de un da\u00f1o o lesi\u00f3n en los tejidos o incluso, cuando est\u00e1 ya se ha subsanado, pierde todo su valor adaptativo y pasa a constituir exclusivamente un problema o incluso una enfermedad en s\u00ed misma.<br \/>\nMelzack y Casey (1968) definieron tres dimensiones b\u00e1sicas en la experiencia de dolor, cada una de las cuales depende de sistemas cerebrales diferentes:<br \/>\nDimensi\u00f3n sensorial-discriminativa: se relaciona con aspectos sensoriales y perceptivos del dolor, informando con precisi\u00f3n acerca de su intensidad, localizaci\u00f3n y duraci\u00f3n.<br \/>\nDimensi\u00f3n motivacional-afectiva: supone la caracterizaci\u00f3n del dolor como desagradable o agradable, aversivo, etc. Abarcando, adem\u00e1s, las emociones (por ejemplo, ansiedad, alteraciones emocionales etc.), y las conductas consiguientes (fundamentalmente respuestas de escape y evitaci\u00f3n).<br \/>\nDimensi\u00f3n cognitivo-evaluativa: supone la integraci\u00f3n de los niveles anteriores en uno superior, en la que cobran relevancia las variables cognitivas como los pensamientos, creencias, valores culturales, experiencias pasadas etc.<br \/>\nLa experiencia de dolor es la resultante de la interacci\u00f3n de estas tres dimensiones, variando el peso de cada una de ellas para cada caso concreto y cada situaci\u00f3n espec\u00edfica.<\/p>\n<p>Evaluaci\u00f3n del dolor cr\u00f3nico: la evaluaci\u00f3n del dolor viene determinada por el hecho de que nadie puede conocer el dolor de otra persona, ya no se trata de que una misma dolencia afecte de manera diferente a diferentes personas, sino que una misma persona puede padecer intensidades diferentes de dolor en funci\u00f3n del momento de d\u00eda, realizaci\u00f3n de diferentes conductas etc.<br \/>\nEsto se traduce en la imposibilidad de utilizar t\u00e9cnicas de medici\u00f3n objetivas para la evaluaci\u00f3n del dolor y en la necesidad de recurrir a procedimientos de evaluaci\u00f3n que impliquen la informaci\u00f3n por parte del propio sujeto que lo sufre.<br \/>\nLos par\u00e1metros m\u00e1s utilizados suelen ser la frecuencia y la duraci\u00f3n, pero fundamentalmente la intensidad del dolor.<br \/>\nTambi\u00e9n es necesario evaluar las variables o factores relacionados con el dolor que suelen ser:<br \/>\n\u2022 Variables psicofisiol\u00f3gicas.<br \/>\n\u2022 Variables conductuales: incluyendo conductas de dolor, medidas de incapacidad funcional, interferencia en el nivel de actividad, estilo de vida, estrategias de afrontamiento al dolor etc.<br \/>\n\u2022 Variables cognitivas: actitudes y creencias sobre el dolor, percepci\u00f3n de la autoeficacia, pensamientos ante el dolor, etc.<br \/>\n\u2022 Variables emocionales: ansiedad, depresi\u00f3n, miedo, ira, etc.<br \/>\n\u2022 Variables psicosociales: apoyo social, recursos sociales, etc.<\/p>\n<p>Tratamiento del dolor cr\u00f3nico: el dolor cr\u00f3nico es quiz\u00e1s uno de los trastornos psicofisiol\u00f3gicos en los que el abordaje cognitivo conductual se ha demostrado m\u00e1s eficaz, normalmente mediante programas multidisciplinares.<br \/>\nLos f\u00e1rmacos no son incompatibles con el tratamiento psicol\u00f3gico, aunque el consumo excesivo de f\u00e1rmacos provoca problemas de tolerancia adicci\u00f3n y aparici\u00f3n de efectos secundarios, en ocasiones graves. En este sentido es frecuente la utilizaci\u00f3n de placebos.<br \/>\nEl dolor no puede abordarse directamente, no se disponen de t\u00e9cnicas que nos permitan reducir o eliminar el dolor directamente. Lo que s\u00ed se puede hacer es dotar al paciente de estrategias y recursos terap\u00e9uticos que le permitan actuar de una forma indirecta sobre el dolor. La idea que se debe transmitir es que el objetivo de la terapia es reducir el tiempo o la intensidad en que el dolor est\u00e1 presente, pero actuando siempre en los momentos en que no hay dolor o \u00e9ste tenga una menor intensidad.<br \/>\nEn resumen, un abordaje psicoterap\u00e9utico del dolor cr\u00f3nico puede disminuir la frecuencia e intensidad del mismo y como consecuencia de esto aumentar la calidad de vida de la persona.<\/p>\n<p>J. Miguel San Mart\u00edn. Psic\u00f3logo sanitario.<\/p>\n","protected":false},"excerpt":{"rendered":"<p>El dolor es una experiencia inherente al ser humano. Experiencia desagradable que nos gustar\u00eda evitar o abolir en la medida de lo posible y que desde siempre las personas han intentado superar recurriendo para ello a todo tipo de procedimientos, como curanderos, sustancias milagrosas, ritos etc. El dolor es la causa m\u00e1s com\u00fan de consulta [&hellip;]<\/p>\n","protected":false},"author":2,"featured_media":916,"comment_status":"open","ping_status":"open","sticky":false,"template":"","format":"standard","meta":{"_et_pb_use_builder":"","_et_pb_old_content":"","_et_gb_content_width":"","footnotes":""},"categories":[305,306],"tags":[221,133,222],"class_list":["post-915","post","type-post","status-publish","format-standard","has-post-thumbnail","hentry","category-salud-y-bienestar","category-trastornos-emocionales","tag-dolor","tag-dolor-cronico","tag-incapacidad"],"yoast_head":"<!-- This site is optimized with the Yoast SEO Premium plugin v19.2.1 (Yoast SEO v27.5) - https:\/\/yoast.com\/product\/yoast-seo-premium-wordpress\/ -->\n<title>Dolor Cr\u00f3nico - Psicologos en Colmenar Viejo Madrid<\/title>\n<meta name=\"description\" content=\"psicologo colmenar viejo\" \/>\n<meta name=\"robots\" content=\"index, follow, max-snippet:-1, max-image-preview:large, max-video-preview:-1\" \/>\n<link rel=\"canonical\" href=\"https:\/\/www.psicologiacolmenar.es\/psicologo\/dolor-cronico\/\" \/>\n<meta property=\"og:locale\" content=\"es_ES\" \/>\n<meta property=\"og:type\" content=\"article\" \/>\n<meta property=\"og:title\" content=\"Dolor Cr\u00f3nico\" \/>\n<meta property=\"og:description\" content=\"El dolor es una experiencia inherente al ser humano. Experiencia desagradable que nos gustar\u00eda evitar o abolir en la medida de lo posible y que desde\" \/>\n<meta property=\"og:url\" content=\"https:\/\/www.psicologiacolmenar.es\/psicologo\/dolor-cronico\/\" \/>\n<meta property=\"og:site_name\" content=\"Psicologos en Colmenar Viejo Madrid\" \/>\n<meta property=\"article:publisher\" content=\"https:\/\/www.facebook.com\/psicologocolmenar\/\" \/>\n<meta property=\"article:published_time\" content=\"2018-04-17T11:28:08+00:00\" \/>\n<meta property=\"article:modified_time\" content=\"2018-10-04T09:23:04+00:00\" \/>\n<meta property=\"og:image\" content=\"https:\/\/www.psicologiacolmenar.es\/psicologo\/wp-content\/uploads\/2018\/04\/dolor.cronico2.png\" \/>\n\t<meta property=\"og:image:width\" content=\"1200\" \/>\n\t<meta property=\"og:image:height\" content=\"680\" \/>\n\t<meta property=\"og:image:type\" content=\"image\/png\" \/>\n<meta name=\"author\" content=\"Psicologo Colmenar Viejo\" \/>\n<meta name=\"twitter:card\" content=\"summary_large_image\" \/>\n<meta name=\"twitter:creator\" content=\"@jmsanmartinps1\" \/>\n<meta name=\"twitter:site\" content=\"@jmsanmartinps1\" \/>\n<meta name=\"twitter:label1\" content=\"Escrito por\" \/>\n\t<meta name=\"twitter:data1\" content=\"Psicologo Colmenar Viejo\" \/>\n\t<meta name=\"twitter:label2\" content=\"Tiempo de lectura\" \/>\n\t<meta name=\"twitter:data2\" content=\"4 minutos\" \/>\n<script type=\"application\/ld+json\" class=\"yoast-schema-graph\">{\"@context\":\"https:\\\/\\\/schema.org\",\"@graph\":[{\"@type\":\"Article\",\"@id\":\"https:\\\/\\\/www.psicologiacolmenar.es\\\/psicologo\\\/dolor-cronico\\\/#article\",\"isPartOf\":{\"@id\":\"https:\\\/\\\/www.psicologiacolmenar.es\\\/psicologo\\\/dolor-cronico\\\/\"},\"author\":{\"name\":\"Psicologo Colmenar Viejo\",\"@id\":\"https:\\\/\\\/www.psicologiacolmenar.es\\\/psicologo\\\/#\\\/schema\\\/person\\\/c14b55b6ab94baa638c4e455b0f5efcd\"},\"headline\":\"Dolor Cr\u00f3nico\",\"datePublished\":\"2018-04-17T11:28:08+00:00\",\"dateModified\":\"2018-10-04T09:23:04+00:00\",\"mainEntityOfPage\":{\"@id\":\"https:\\\/\\\/www.psicologiacolmenar.es\\\/psicologo\\\/dolor-cronico\\\/\"},\"wordCount\":857,\"commentCount\":0,\"image\":{\"@id\":\"https:\\\/\\\/www.psicologiacolmenar.es\\\/psicologo\\\/dolor-cronico\\\/#primaryimage\"},\"thumbnailUrl\":\"https:\\\/\\\/www.psicologiacolmenar.es\\\/psicologo\\\/wp-content\\\/uploads\\\/2018\\\/04\\\/dolor.cronico2.png\",\"keywords\":[\"dolor\",\"dolor cr\u00f3nico\",\"incapacidad\"],\"articleSection\":[\"SALUD Y BIENESTAR\",\"TRASTORNOS EMOCIONALES\"],\"inLanguage\":\"es\",\"potentialAction\":[{\"@type\":\"CommentAction\",\"name\":\"Comment\",\"target\":[\"https:\\\/\\\/www.psicologiacolmenar.es\\\/psicologo\\\/dolor-cronico\\\/#respond\"]}]},{\"@type\":\"WebPage\",\"@id\":\"https:\\\/\\\/www.psicologiacolmenar.es\\\/psicologo\\\/dolor-cronico\\\/\",\"url\":\"https:\\\/\\\/www.psicologiacolmenar.es\\\/psicologo\\\/dolor-cronico\\\/\",\"name\":\"Dolor Cr\u00f3nico - Psicologos en Colmenar Viejo Madrid\",\"isPartOf\":{\"@id\":\"https:\\\/\\\/www.psicologiacolmenar.es\\\/psicologo\\\/#website\"},\"primaryImageOfPage\":{\"@id\":\"https:\\\/\\\/www.psicologiacolmenar.es\\\/psicologo\\\/dolor-cronico\\\/#primaryimage\"},\"image\":{\"@id\":\"https:\\\/\\\/www.psicologiacolmenar.es\\\/psicologo\\\/dolor-cronico\\\/#primaryimage\"},\"thumbnailUrl\":\"https:\\\/\\\/www.psicologiacolmenar.es\\\/psicologo\\\/wp-content\\\/uploads\\\/2018\\\/04\\\/dolor.cronico2.png\",\"datePublished\":\"2018-04-17T11:28:08+00:00\",\"dateModified\":\"2018-10-04T09:23:04+00:00\",\"author\":{\"@id\":\"https:\\\/\\\/www.psicologiacolmenar.es\\\/psicologo\\\/#\\\/schema\\\/person\\\/c14b55b6ab94baa638c4e455b0f5efcd\"},\"description\":\"psicologo colmenar viejo\",\"breadcrumb\":{\"@id\":\"https:\\\/\\\/www.psicologiacolmenar.es\\\/psicologo\\\/dolor-cronico\\\/#breadcrumb\"},\"inLanguage\":\"es\",\"potentialAction\":[{\"@type\":\"ReadAction\",\"target\":[\"https:\\\/\\\/www.psicologiacolmenar.es\\\/psicologo\\\/dolor-cronico\\\/\"]}]},{\"@type\":\"ImageObject\",\"inLanguage\":\"es\",\"@id\":\"https:\\\/\\\/www.psicologiacolmenar.es\\\/psicologo\\\/dolor-cronico\\\/#primaryimage\",\"url\":\"https:\\\/\\\/www.psicologiacolmenar.es\\\/psicologo\\\/wp-content\\\/uploads\\\/2018\\\/04\\\/dolor.cronico2.png\",\"contentUrl\":\"https:\\\/\\\/www.psicologiacolmenar.es\\\/psicologo\\\/wp-content\\\/uploads\\\/2018\\\/04\\\/dolor.cronico2.png\",\"width\":1200,\"height\":680},{\"@type\":\"BreadcrumbList\",\"@id\":\"https:\\\/\\\/www.psicologiacolmenar.es\\\/psicologo\\\/dolor-cronico\\\/#breadcrumb\",\"itemListElement\":[{\"@type\":\"ListItem\",\"position\":1,\"name\":\"Portada\",\"item\":\"https:\\\/\\\/www.psicologiacolmenar.es\\\/psicologo\\\/\"},{\"@type\":\"ListItem\",\"position\":2,\"name\":\"Dolor Cr\u00f3nico\"}]},{\"@type\":\"WebSite\",\"@id\":\"https:\\\/\\\/www.psicologiacolmenar.es\\\/psicologo\\\/#website\",\"url\":\"https:\\\/\\\/www.psicologiacolmenar.es\\\/psicologo\\\/\",\"name\":\"Psicologos en Colmenar Viejo Madrid\",\"description\":\"Gabinete de psicologos y Centro de psicolog\u00eda en Colmenar Viejo\",\"potentialAction\":[{\"@type\":\"SearchAction\",\"target\":{\"@type\":\"EntryPoint\",\"urlTemplate\":\"https:\\\/\\\/www.psicologiacolmenar.es\\\/psicologo\\\/?s={search_term_string}\"},\"query-input\":{\"@type\":\"PropertyValueSpecification\",\"valueRequired\":true,\"valueName\":\"search_term_string\"}}],\"inLanguage\":\"es\"},{\"@type\":\"Person\",\"@id\":\"https:\\\/\\\/www.psicologiacolmenar.es\\\/psicologo\\\/#\\\/schema\\\/person\\\/c14b55b6ab94baa638c4e455b0f5efcd\",\"name\":\"Psicologo Colmenar Viejo\",\"url\":\"https:\\\/\\\/www.psicologiacolmenar.es\\\/psicologo\\\/author\\\/psicologo-colmenar-viejo\\\/\"}]}<\/script>\n<!-- \/ Yoast SEO Premium plugin. -->","yoast_head_json":{"title":"Dolor Cr\u00f3nico - Psicologos en Colmenar Viejo Madrid","description":"psicologo colmenar viejo","robots":{"index":"index","follow":"follow","max-snippet":"max-snippet:-1","max-image-preview":"max-image-preview:large","max-video-preview":"max-video-preview:-1"},"canonical":"https:\/\/www.psicologiacolmenar.es\/psicologo\/dolor-cronico\/","og_locale":"es_ES","og_type":"article","og_title":"Dolor Cr\u00f3nico","og_description":"El dolor es una experiencia inherente al ser humano. Experiencia desagradable que nos gustar\u00eda evitar o abolir en la medida de lo posible y que desde","og_url":"https:\/\/www.psicologiacolmenar.es\/psicologo\/dolor-cronico\/","og_site_name":"Psicologos en Colmenar Viejo Madrid","article_publisher":"https:\/\/www.facebook.com\/psicologocolmenar\/","article_published_time":"2018-04-17T11:28:08+00:00","article_modified_time":"2018-10-04T09:23:04+00:00","og_image":[{"width":1200,"height":680,"url":"https:\/\/www.psicologiacolmenar.es\/psicologo\/wp-content\/uploads\/2018\/04\/dolor.cronico2.png","type":"image\/png"}],"author":"Psicologo Colmenar Viejo","twitter_card":"summary_large_image","twitter_creator":"@jmsanmartinps1","twitter_site":"@jmsanmartinps1","twitter_misc":{"Escrito por":"Psicologo Colmenar Viejo","Tiempo de lectura":"4 minutos"},"schema":{"@context":"https:\/\/schema.org","@graph":[{"@type":"Article","@id":"https:\/\/www.psicologiacolmenar.es\/psicologo\/dolor-cronico\/#article","isPartOf":{"@id":"https:\/\/www.psicologiacolmenar.es\/psicologo\/dolor-cronico\/"},"author":{"name":"Psicologo Colmenar Viejo","@id":"https:\/\/www.psicologiacolmenar.es\/psicologo\/#\/schema\/person\/c14b55b6ab94baa638c4e455b0f5efcd"},"headline":"Dolor Cr\u00f3nico","datePublished":"2018-04-17T11:28:08+00:00","dateModified":"2018-10-04T09:23:04+00:00","mainEntityOfPage":{"@id":"https:\/\/www.psicologiacolmenar.es\/psicologo\/dolor-cronico\/"},"wordCount":857,"commentCount":0,"image":{"@id":"https:\/\/www.psicologiacolmenar.es\/psicologo\/dolor-cronico\/#primaryimage"},"thumbnailUrl":"https:\/\/www.psicologiacolmenar.es\/psicologo\/wp-content\/uploads\/2018\/04\/dolor.cronico2.png","keywords":["dolor","dolor cr\u00f3nico","incapacidad"],"articleSection":["SALUD Y BIENESTAR","TRASTORNOS EMOCIONALES"],"inLanguage":"es","potentialAction":[{"@type":"CommentAction","name":"Comment","target":["https:\/\/www.psicologiacolmenar.es\/psicologo\/dolor-cronico\/#respond"]}]},{"@type":"WebPage","@id":"https:\/\/www.psicologiacolmenar.es\/psicologo\/dolor-cronico\/","url":"https:\/\/www.psicologiacolmenar.es\/psicologo\/dolor-cronico\/","name":"Dolor Cr\u00f3nico - Psicologos en Colmenar Viejo Madrid","isPartOf":{"@id":"https:\/\/www.psicologiacolmenar.es\/psicologo\/#website"},"primaryImageOfPage":{"@id":"https:\/\/www.psicologiacolmenar.es\/psicologo\/dolor-cronico\/#primaryimage"},"image":{"@id":"https:\/\/www.psicologiacolmenar.es\/psicologo\/dolor-cronico\/#primaryimage"},"thumbnailUrl":"https:\/\/www.psicologiacolmenar.es\/psicologo\/wp-content\/uploads\/2018\/04\/dolor.cronico2.png","datePublished":"2018-04-17T11:28:08+00:00","dateModified":"2018-10-04T09:23:04+00:00","author":{"@id":"https:\/\/www.psicologiacolmenar.es\/psicologo\/#\/schema\/person\/c14b55b6ab94baa638c4e455b0f5efcd"},"description":"psicologo colmenar viejo","breadcrumb":{"@id":"https:\/\/www.psicologiacolmenar.es\/psicologo\/dolor-cronico\/#breadcrumb"},"inLanguage":"es","potentialAction":[{"@type":"ReadAction","target":["https:\/\/www.psicologiacolmenar.es\/psicologo\/dolor-cronico\/"]}]},{"@type":"ImageObject","inLanguage":"es","@id":"https:\/\/www.psicologiacolmenar.es\/psicologo\/dolor-cronico\/#primaryimage","url":"https:\/\/www.psicologiacolmenar.es\/psicologo\/wp-content\/uploads\/2018\/04\/dolor.cronico2.png","contentUrl":"https:\/\/www.psicologiacolmenar.es\/psicologo\/wp-content\/uploads\/2018\/04\/dolor.cronico2.png","width":1200,"height":680},{"@type":"BreadcrumbList","@id":"https:\/\/www.psicologiacolmenar.es\/psicologo\/dolor-cronico\/#breadcrumb","itemListElement":[{"@type":"ListItem","position":1,"name":"Portada","item":"https:\/\/www.psicologiacolmenar.es\/psicologo\/"},{"@type":"ListItem","position":2,"name":"Dolor Cr\u00f3nico"}]},{"@type":"WebSite","@id":"https:\/\/www.psicologiacolmenar.es\/psicologo\/#website","url":"https:\/\/www.psicologiacolmenar.es\/psicologo\/","name":"Psicologos en Colmenar Viejo Madrid","description":"Gabinete de psicologos y Centro de psicolog\u00eda en Colmenar Viejo","potentialAction":[{"@type":"SearchAction","target":{"@type":"EntryPoint","urlTemplate":"https:\/\/www.psicologiacolmenar.es\/psicologo\/?s={search_term_string}"},"query-input":{"@type":"PropertyValueSpecification","valueRequired":true,"valueName":"search_term_string"}}],"inLanguage":"es"},{"@type":"Person","@id":"https:\/\/www.psicologiacolmenar.es\/psicologo\/#\/schema\/person\/c14b55b6ab94baa638c4e455b0f5efcd","name":"Psicologo Colmenar Viejo","url":"https:\/\/www.psicologiacolmenar.es\/psicologo\/author\/psicologo-colmenar-viejo\/"}]}},"_links":{"self":[{"href":"https:\/\/www.psicologiacolmenar.es\/psicologo\/wp-json\/wp\/v2\/posts\/915","targetHints":{"allow":["GET"]}}],"collection":[{"href":"https:\/\/www.psicologiacolmenar.es\/psicologo\/wp-json\/wp\/v2\/posts"}],"about":[{"href":"https:\/\/www.psicologiacolmenar.es\/psicologo\/wp-json\/wp\/v2\/types\/post"}],"author":[{"embeddable":true,"href":"https:\/\/www.psicologiacolmenar.es\/psicologo\/wp-json\/wp\/v2\/users\/2"}],"replies":[{"embeddable":true,"href":"https:\/\/www.psicologiacolmenar.es\/psicologo\/wp-json\/wp\/v2\/comments?post=915"}],"version-history":[{"count":1,"href":"https:\/\/www.psicologiacolmenar.es\/psicologo\/wp-json\/wp\/v2\/posts\/915\/revisions"}],"predecessor-version":[{"id":917,"href":"https:\/\/www.psicologiacolmenar.es\/psicologo\/wp-json\/wp\/v2\/posts\/915\/revisions\/917"}],"wp:featuredmedia":[{"embeddable":true,"href":"https:\/\/www.psicologiacolmenar.es\/psicologo\/wp-json\/wp\/v2\/media\/916"}],"wp:attachment":[{"href":"https:\/\/www.psicologiacolmenar.es\/psicologo\/wp-json\/wp\/v2\/media?parent=915"}],"wp:term":[{"taxonomy":"category","embeddable":true,"href":"https:\/\/www.psicologiacolmenar.es\/psicologo\/wp-json\/wp\/v2\/categories?post=915"},{"taxonomy":"post_tag","embeddable":true,"href":"https:\/\/www.psicologiacolmenar.es\/psicologo\/wp-json\/wp\/v2\/tags?post=915"}],"curies":[{"name":"wp","href":"https:\/\/api.w.org\/{rel}","templated":true}]}}