{"id":918,"date":"2018-04-24T09:17:42","date_gmt":"2018-04-24T09:17:42","guid":{"rendered":"http:\/\/psicologiacolmenar.es\/psicologo\/?p=918"},"modified":"2018-10-03T18:51:58","modified_gmt":"2018-10-03T18:51:58","slug":"fobia-social","status":"publish","type":"post","link":"https:\/\/www.psicologiacolmenar.es\/psicologo\/fobia-social\/","title":{"rendered":"Fobia social"},"content":{"rendered":"<p>La fobia social (FS) esta considerada un trastorno de ansiedad. Una de sus caracter\u00edsticas centrales es el miedo y la evitaci\u00f3n de un amplio rango de situaciones sociales que suponen alg\u00fan tipo de compromiso interpersonal.<br \/>\nTanto el miedo como la evitaci\u00f3n pueden manifestarse de formas muy variadas, pero, en cualquier caso, limitan las posibilidades de desarrollo personal y afectan a la calidad de vida en general, a trav\u00e9s de distintos grados de interferencia interpersonal, emocional y cognitiva en el funcionamiento cotidiano.<br \/>\nLo cierto es que los pacientes que presentan este trastorno experimentan un importante nivel de ansiedad que excede, con mucho, la realidad amenazante. Se trata de personas con una marcada tendencia hacia los pensamientos negativos, baja autoestima, y una atribuci\u00f3n interna de las dificultades. En el ambiente o situaci\u00f3n temidos, suelen dar muestras de temblor, sudor, enrojecimiento y elevaci\u00f3n de la tasa card\u00edaca.<br \/>\nLa FS tiene los \u00edndices m\u00e1s altos de prevalencia dentro de los trastornos de ansiedad y ocupa el tercer lugar dentro de todos los trastornos mentales.<br \/>\nDentro de los modelos que explican la FS, aparece una primera fase de fracaso en las experiencias sociales, en la que aparece una experiencia social negativa, con sus respuestas fisiol\u00f3gicas correspondientes (rubor, taquicardia, temblor, sudor, etc.) y una anticipaci\u00f3n de consecuencias negativas ante otras situaciones sociales. Y una segunda fase de reforzamiento de la evitaci\u00f3n social en la que aparece una sensaci\u00f3n de alivio y desaparici\u00f3n de s\u00edntomas de ansiedad, que tiene como consecuencia la evitaci\u00f3n de situaciones sociales (Echebur\u00faa, 1995), generando el circulo propio de todos los trastornos de ansiedad: situaci\u00f3n, respuestas fisiol\u00f3gicas negativas y evitaci\u00f3n de la situaci\u00f3n.<br \/>\nPara la evaluaci\u00f3n de la TS se utilizan entrevistas estructuradas y cuestionarios espec\u00edficos, es necesario conocer la especificidad, frecuencia e intensidad del trastorno para una adecuada intervenci\u00f3n y tratamiento del mismo.<br \/>\nUna vez m\u00e1s, la terapia cognitivo-conductual se ha mostrado muy efectiva para el tratamiento del trastorno. Reestructuraci\u00f3n cognitiva, entrenamiento en autoinstrucciones, t\u00e9cnicas de regulaci\u00f3n y control emocional, t\u00e9cnicas de exposici\u00f3n con prevenci\u00f3n de respuestas de evitaci\u00f3n y entrenamiento en habilidades sociales son t\u00e9cnicas que se suelen incluir en el tratamiento de la Fobia Social.<br \/>\nMiguel San Mart\u00edn. Psic\u00f3logo sanitario<\/p>\n","protected":false},"excerpt":{"rendered":"<p>La fobia social (FS) esta considerada un trastorno de ansiedad. Una de sus caracter\u00edsticas centrales es el miedo y la evitaci\u00f3n de un amplio rango de situaciones sociales que suponen alg\u00fan tipo de compromiso interpersonal. Tanto el miedo como la evitaci\u00f3n pueden manifestarse de formas muy variadas, pero, en cualquier caso, limitan las posibilidades de [&hellip;]<\/p>\n","protected":false},"author":2,"featured_media":919,"comment_status":"open","ping_status":"open","sticky":false,"template":"","format":"standard","meta":{"_et_pb_use_builder":"","_et_pb_old_content":"","_et_gb_content_width":"","footnotes":""},"categories":[306],"tags":[223,227,224,225,226],"class_list":["post-918","post","type-post","status-publish","format-standard","has-post-thumbnail","hentry","category-trastornos-emocionales","tag-fobia-social","tag-hablar-en-publico","tag-miedos","tag-trastorno-de-ansiedad","tag-verguenza"],"yoast_head":"<!-- This site is optimized with the Yoast SEO Premium plugin v19.2.1 (Yoast SEO v27.5) - https:\/\/yoast.com\/product\/yoast-seo-premium-wordpress\/ -->\n<title>Fobia social - Psicologos en Colmenar Viejo Madrid<\/title>\n<meta name=\"description\" content=\"psicologo colmenar viejo\" \/>\n<meta name=\"robots\" content=\"index, follow, max-snippet:-1, max-image-preview:large, max-video-preview:-1\" \/>\n<link rel=\"canonical\" href=\"https:\/\/www.psicologiacolmenar.es\/psicologo\/fobia-social\/\" \/>\n<meta property=\"og:locale\" content=\"es_ES\" \/>\n<meta property=\"og:type\" content=\"article\" \/>\n<meta property=\"og:title\" content=\"Fobia social\" \/>\n<meta property=\"og:description\" content=\"La fobia social (FS) esta considerada un trastorno de ansiedad. Una de sus caracter\u00edsticas centrales es el miedo y la evitaci\u00f3n de un amplio rango de\" \/>\n<meta property=\"og:url\" content=\"https:\/\/www.psicologiacolmenar.es\/psicologo\/fobia-social\/\" \/>\n<meta property=\"og:site_name\" content=\"Psicologos en Colmenar Viejo Madrid\" \/>\n<meta property=\"article:publisher\" content=\"https:\/\/www.facebook.com\/psicologocolmenar\/\" \/>\n<meta property=\"article:published_time\" content=\"2018-04-24T09:17:42+00:00\" \/>\n<meta property=\"article:modified_time\" content=\"2018-10-03T18:51:58+00:00\" \/>\n<meta property=\"og:image\" content=\"https:\/\/www.psicologiacolmenar.es\/psicologo\/wp-content\/uploads\/2018\/04\/fobia-social-1-1.jpg\" \/>\n\t<meta property=\"og:image:width\" content=\"1024\" \/>\n\t<meta property=\"og:image:height\" content=\"777\" \/>\n\t<meta property=\"og:image:type\" content=\"image\/jpeg\" \/>\n<meta name=\"author\" content=\"Psicologo Colmenar Viejo\" \/>\n<meta name=\"twitter:card\" content=\"summary_large_image\" \/>\n<meta name=\"twitter:creator\" content=\"@jmsanmartinps1\" \/>\n<meta name=\"twitter:site\" content=\"@jmsanmartinps1\" \/>\n<meta name=\"twitter:label1\" content=\"Escrito por\" \/>\n\t<meta name=\"twitter:data1\" content=\"Psicologo Colmenar Viejo\" \/>\n\t<meta name=\"twitter:label2\" content=\"Tiempo de lectura\" \/>\n\t<meta name=\"twitter:data2\" content=\"2 minutos\" \/>\n<script type=\"application\/ld+json\" class=\"yoast-schema-graph\">{\"@context\":\"https:\\\/\\\/schema.org\",\"@graph\":[{\"@type\":\"Article\",\"@id\":\"https:\\\/\\\/www.psicologiacolmenar.es\\\/psicologo\\\/fobia-social\\\/#article\",\"isPartOf\":{\"@id\":\"https:\\\/\\\/www.psicologiacolmenar.es\\\/psicologo\\\/fobia-social\\\/\"},\"author\":{\"name\":\"Psicologo Colmenar Viejo\",\"@id\":\"https:\\\/\\\/www.psicologiacolmenar.es\\\/psicologo\\\/#\\\/schema\\\/person\\\/c14b55b6ab94baa638c4e455b0f5efcd\"},\"headline\":\"Fobia social\",\"datePublished\":\"2018-04-24T09:17:42+00:00\",\"dateModified\":\"2018-10-03T18:51:58+00:00\",\"mainEntityOfPage\":{\"@id\":\"https:\\\/\\\/www.psicologiacolmenar.es\\\/psicologo\\\/fobia-social\\\/\"},\"wordCount\":397,\"commentCount\":0,\"image\":{\"@id\":\"https:\\\/\\\/www.psicologiacolmenar.es\\\/psicologo\\\/fobia-social\\\/#primaryimage\"},\"thumbnailUrl\":\"https:\\\/\\\/www.psicologiacolmenar.es\\\/psicologo\\\/wp-content\\\/uploads\\\/2018\\\/04\\\/fobia-social-1-1.jpg\",\"keywords\":[\"fobia social\",\"hablar en publico\",\"miedos\",\"trastorno de ansiedad\",\"verguenza\"],\"articleSection\":[\"TRASTORNOS EMOCIONALES\"],\"inLanguage\":\"es\",\"potentialAction\":[{\"@type\":\"CommentAction\",\"name\":\"Comment\",\"target\":[\"https:\\\/\\\/www.psicologiacolmenar.es\\\/psicologo\\\/fobia-social\\\/#respond\"]}]},{\"@type\":\"WebPage\",\"@id\":\"https:\\\/\\\/www.psicologiacolmenar.es\\\/psicologo\\\/fobia-social\\\/\",\"url\":\"https:\\\/\\\/www.psicologiacolmenar.es\\\/psicologo\\\/fobia-social\\\/\",\"name\":\"Fobia social - Psicologos en Colmenar Viejo Madrid\",\"isPartOf\":{\"@id\":\"https:\\\/\\\/www.psicologiacolmenar.es\\\/psicologo\\\/#website\"},\"primaryImageOfPage\":{\"@id\":\"https:\\\/\\\/www.psicologiacolmenar.es\\\/psicologo\\\/fobia-social\\\/#primaryimage\"},\"image\":{\"@id\":\"https:\\\/\\\/www.psicologiacolmenar.es\\\/psicologo\\\/fobia-social\\\/#primaryimage\"},\"thumbnailUrl\":\"https:\\\/\\\/www.psicologiacolmenar.es\\\/psicologo\\\/wp-content\\\/uploads\\\/2018\\\/04\\\/fobia-social-1-1.jpg\",\"datePublished\":\"2018-04-24T09:17:42+00:00\",\"dateModified\":\"2018-10-03T18:51:58+00:00\",\"author\":{\"@id\":\"https:\\\/\\\/www.psicologiacolmenar.es\\\/psicologo\\\/#\\\/schema\\\/person\\\/c14b55b6ab94baa638c4e455b0f5efcd\"},\"description\":\"psicologo colmenar viejo\",\"breadcrumb\":{\"@id\":\"https:\\\/\\\/www.psicologiacolmenar.es\\\/psicologo\\\/fobia-social\\\/#breadcrumb\"},\"inLanguage\":\"es\",\"potentialAction\":[{\"@type\":\"ReadAction\",\"target\":[\"https:\\\/\\\/www.psicologiacolmenar.es\\\/psicologo\\\/fobia-social\\\/\"]}]},{\"@type\":\"ImageObject\",\"inLanguage\":\"es\",\"@id\":\"https:\\\/\\\/www.psicologiacolmenar.es\\\/psicologo\\\/fobia-social\\\/#primaryimage\",\"url\":\"https:\\\/\\\/www.psicologiacolmenar.es\\\/psicologo\\\/wp-content\\\/uploads\\\/2018\\\/04\\\/fobia-social-1-1.jpg\",\"contentUrl\":\"https:\\\/\\\/www.psicologiacolmenar.es\\\/psicologo\\\/wp-content\\\/uploads\\\/2018\\\/04\\\/fobia-social-1-1.jpg\",\"width\":1024,\"height\":777},{\"@type\":\"BreadcrumbList\",\"@id\":\"https:\\\/\\\/www.psicologiacolmenar.es\\\/psicologo\\\/fobia-social\\\/#breadcrumb\",\"itemListElement\":[{\"@type\":\"ListItem\",\"position\":1,\"name\":\"Portada\",\"item\":\"https:\\\/\\\/www.psicologiacolmenar.es\\\/psicologo\\\/\"},{\"@type\":\"ListItem\",\"position\":2,\"name\":\"Fobia social\"}]},{\"@type\":\"WebSite\",\"@id\":\"https:\\\/\\\/www.psicologiacolmenar.es\\\/psicologo\\\/#website\",\"url\":\"https:\\\/\\\/www.psicologiacolmenar.es\\\/psicologo\\\/\",\"name\":\"Psicologos en Colmenar Viejo Madrid\",\"description\":\"Gabinete de psicologos y Centro de psicolog\u00eda en Colmenar Viejo\",\"potentialAction\":[{\"@type\":\"SearchAction\",\"target\":{\"@type\":\"EntryPoint\",\"urlTemplate\":\"https:\\\/\\\/www.psicologiacolmenar.es\\\/psicologo\\\/?s={search_term_string}\"},\"query-input\":{\"@type\":\"PropertyValueSpecification\",\"valueRequired\":true,\"valueName\":\"search_term_string\"}}],\"inLanguage\":\"es\"},{\"@type\":\"Person\",\"@id\":\"https:\\\/\\\/www.psicologiacolmenar.es\\\/psicologo\\\/#\\\/schema\\\/person\\\/c14b55b6ab94baa638c4e455b0f5efcd\",\"name\":\"Psicologo Colmenar Viejo\",\"url\":\"https:\\\/\\\/www.psicologiacolmenar.es\\\/psicologo\\\/author\\\/psicologo-colmenar-viejo\\\/\"}]}<\/script>\n<!-- \/ Yoast SEO Premium plugin. -->","yoast_head_json":{"title":"Fobia social - Psicologos en Colmenar Viejo Madrid","description":"psicologo colmenar viejo","robots":{"index":"index","follow":"follow","max-snippet":"max-snippet:-1","max-image-preview":"max-image-preview:large","max-video-preview":"max-video-preview:-1"},"canonical":"https:\/\/www.psicologiacolmenar.es\/psicologo\/fobia-social\/","og_locale":"es_ES","og_type":"article","og_title":"Fobia social","og_description":"La fobia social (FS) esta considerada un trastorno de ansiedad. Una de sus caracter\u00edsticas centrales es el miedo y la evitaci\u00f3n de un amplio rango de","og_url":"https:\/\/www.psicologiacolmenar.es\/psicologo\/fobia-social\/","og_site_name":"Psicologos en Colmenar Viejo Madrid","article_publisher":"https:\/\/www.facebook.com\/psicologocolmenar\/","article_published_time":"2018-04-24T09:17:42+00:00","article_modified_time":"2018-10-03T18:51:58+00:00","og_image":[{"width":1024,"height":777,"url":"https:\/\/www.psicologiacolmenar.es\/psicologo\/wp-content\/uploads\/2018\/04\/fobia-social-1-1.jpg","type":"image\/jpeg"}],"author":"Psicologo Colmenar Viejo","twitter_card":"summary_large_image","twitter_creator":"@jmsanmartinps1","twitter_site":"@jmsanmartinps1","twitter_misc":{"Escrito por":"Psicologo Colmenar Viejo","Tiempo de lectura":"2 minutos"},"schema":{"@context":"https:\/\/schema.org","@graph":[{"@type":"Article","@id":"https:\/\/www.psicologiacolmenar.es\/psicologo\/fobia-social\/#article","isPartOf":{"@id":"https:\/\/www.psicologiacolmenar.es\/psicologo\/fobia-social\/"},"author":{"name":"Psicologo Colmenar Viejo","@id":"https:\/\/www.psicologiacolmenar.es\/psicologo\/#\/schema\/person\/c14b55b6ab94baa638c4e455b0f5efcd"},"headline":"Fobia social","datePublished":"2018-04-24T09:17:42+00:00","dateModified":"2018-10-03T18:51:58+00:00","mainEntityOfPage":{"@id":"https:\/\/www.psicologiacolmenar.es\/psicologo\/fobia-social\/"},"wordCount":397,"commentCount":0,"image":{"@id":"https:\/\/www.psicologiacolmenar.es\/psicologo\/fobia-social\/#primaryimage"},"thumbnailUrl":"https:\/\/www.psicologiacolmenar.es\/psicologo\/wp-content\/uploads\/2018\/04\/fobia-social-1-1.jpg","keywords":["fobia social","hablar en publico","miedos","trastorno de ansiedad","verguenza"],"articleSection":["TRASTORNOS EMOCIONALES"],"inLanguage":"es","potentialAction":[{"@type":"CommentAction","name":"Comment","target":["https:\/\/www.psicologiacolmenar.es\/psicologo\/fobia-social\/#respond"]}]},{"@type":"WebPage","@id":"https:\/\/www.psicologiacolmenar.es\/psicologo\/fobia-social\/","url":"https:\/\/www.psicologiacolmenar.es\/psicologo\/fobia-social\/","name":"Fobia social - Psicologos en Colmenar Viejo Madrid","isPartOf":{"@id":"https:\/\/www.psicologiacolmenar.es\/psicologo\/#website"},"primaryImageOfPage":{"@id":"https:\/\/www.psicologiacolmenar.es\/psicologo\/fobia-social\/#primaryimage"},"image":{"@id":"https:\/\/www.psicologiacolmenar.es\/psicologo\/fobia-social\/#primaryimage"},"thumbnailUrl":"https:\/\/www.psicologiacolmenar.es\/psicologo\/wp-content\/uploads\/2018\/04\/fobia-social-1-1.jpg","datePublished":"2018-04-24T09:17:42+00:00","dateModified":"2018-10-03T18:51:58+00:00","author":{"@id":"https:\/\/www.psicologiacolmenar.es\/psicologo\/#\/schema\/person\/c14b55b6ab94baa638c4e455b0f5efcd"},"description":"psicologo colmenar viejo","breadcrumb":{"@id":"https:\/\/www.psicologiacolmenar.es\/psicologo\/fobia-social\/#breadcrumb"},"inLanguage":"es","potentialAction":[{"@type":"ReadAction","target":["https:\/\/www.psicologiacolmenar.es\/psicologo\/fobia-social\/"]}]},{"@type":"ImageObject","inLanguage":"es","@id":"https:\/\/www.psicologiacolmenar.es\/psicologo\/fobia-social\/#primaryimage","url":"https:\/\/www.psicologiacolmenar.es\/psicologo\/wp-content\/uploads\/2018\/04\/fobia-social-1-1.jpg","contentUrl":"https:\/\/www.psicologiacolmenar.es\/psicologo\/wp-content\/uploads\/2018\/04\/fobia-social-1-1.jpg","width":1024,"height":777},{"@type":"BreadcrumbList","@id":"https:\/\/www.psicologiacolmenar.es\/psicologo\/fobia-social\/#breadcrumb","itemListElement":[{"@type":"ListItem","position":1,"name":"Portada","item":"https:\/\/www.psicologiacolmenar.es\/psicologo\/"},{"@type":"ListItem","position":2,"name":"Fobia social"}]},{"@type":"WebSite","@id":"https:\/\/www.psicologiacolmenar.es\/psicologo\/#website","url":"https:\/\/www.psicologiacolmenar.es\/psicologo\/","name":"Psicologos en Colmenar Viejo Madrid","description":"Gabinete de psicologos y Centro de psicolog\u00eda en Colmenar Viejo","potentialAction":[{"@type":"SearchAction","target":{"@type":"EntryPoint","urlTemplate":"https:\/\/www.psicologiacolmenar.es\/psicologo\/?s={search_term_string}"},"query-input":{"@type":"PropertyValueSpecification","valueRequired":true,"valueName":"search_term_string"}}],"inLanguage":"es"},{"@type":"Person","@id":"https:\/\/www.psicologiacolmenar.es\/psicologo\/#\/schema\/person\/c14b55b6ab94baa638c4e455b0f5efcd","name":"Psicologo Colmenar Viejo","url":"https:\/\/www.psicologiacolmenar.es\/psicologo\/author\/psicologo-colmenar-viejo\/"}]}},"_links":{"self":[{"href":"https:\/\/www.psicologiacolmenar.es\/psicologo\/wp-json\/wp\/v2\/posts\/918","targetHints":{"allow":["GET"]}}],"collection":[{"href":"https:\/\/www.psicologiacolmenar.es\/psicologo\/wp-json\/wp\/v2\/posts"}],"about":[{"href":"https:\/\/www.psicologiacolmenar.es\/psicologo\/wp-json\/wp\/v2\/types\/post"}],"author":[{"embeddable":true,"href":"https:\/\/www.psicologiacolmenar.es\/psicologo\/wp-json\/wp\/v2\/users\/2"}],"replies":[{"embeddable":true,"href":"https:\/\/www.psicologiacolmenar.es\/psicologo\/wp-json\/wp\/v2\/comments?post=918"}],"version-history":[{"count":1,"href":"https:\/\/www.psicologiacolmenar.es\/psicologo\/wp-json\/wp\/v2\/posts\/918\/revisions"}],"predecessor-version":[{"id":920,"href":"https:\/\/www.psicologiacolmenar.es\/psicologo\/wp-json\/wp\/v2\/posts\/918\/revisions\/920"}],"wp:featuredmedia":[{"embeddable":true,"href":"https:\/\/www.psicologiacolmenar.es\/psicologo\/wp-json\/wp\/v2\/media\/919"}],"wp:attachment":[{"href":"https:\/\/www.psicologiacolmenar.es\/psicologo\/wp-json\/wp\/v2\/media?parent=918"}],"wp:term":[{"taxonomy":"category","embeddable":true,"href":"https:\/\/www.psicologiacolmenar.es\/psicologo\/wp-json\/wp\/v2\/categories?post=918"},{"taxonomy":"post_tag","embeddable":true,"href":"https:\/\/www.psicologiacolmenar.es\/psicologo\/wp-json\/wp\/v2\/tags?post=918"}],"curies":[{"name":"wp","href":"https:\/\/api.w.org\/{rel}","templated":true}]}}