{"id":922,"date":"2018-05-04T10:19:49","date_gmt":"2018-05-04T10:19:49","guid":{"rendered":"http:\/\/psicologiacolmenar.es\/psicologo\/?p=922"},"modified":"2018-10-03T18:51:13","modified_gmt":"2018-10-03T18:51:13","slug":"entrena-tu-memoria","status":"publish","type":"post","link":"https:\/\/www.psicologiacolmenar.es\/psicologo\/entrena-tu-memoria\/","title":{"rendered":"Entrena tu memoria"},"content":{"rendered":"<p>La memoria es una de las capacidades cognitivas m\u00e1s importantes, ya que nos permite retener aquella informaci\u00f3n relevante y necesaria para relacionarnos con nuestro entorno, cuando falla genera m\u00faltiples problemas en nuestras relaciones con los dem\u00e1s, el entorno y a nivel personal, ya que la memoria forma parte de la identidad personal y no es dif\u00edcil imaginar como seria la vida de cada uno de nosotros sin ella.<br \/>\nLa memoria permite conocernos y almacenar los conocimientos que vamos adquiriendo a lo largo de la vida.<br \/>\nEl conocer los factores que nos ayudan a reforzarla, o por el contrario a deteriorarla es fundamental para conservar una buena memoria incluso a edades avanzadas.<br \/>\nEl cerebro funciona como un ordenador, recibiendo, codificando y almacenando informaci\u00f3n. A lo largo de esos procesos se pueden producir peque\u00f1os fallos y es cuando aparecen olvidos y lagunas de memoria que pueden considerarse normales.<br \/>\nEs fundamental entrenar nuestra mente de la misma manera que ejercitamos nuestro cuerpo. Los estudios indican que un ejercicio constante de las capacidades cognitivas ayuda a paliar parcialmente el efecto de las demencias, retrasando su evoluci\u00f3n o su aparici\u00f3n.<br \/>\nIndicaremos a continuaci\u00f3n cuatro recursos generales para potenciar la memoria:<br \/>\n\u2022 Toma notas, para paliar los olvidos y los fallos de memoria, aunque parece un procedimiento no demasiado \u00fatil para ejercitar la memoria hay estudios que indican que el hecho de tomar notas permite ordenar la informaci\u00f3n y reproducirla mas tarde sin necesidad de hacer uso de la nota.<br \/>\n\u2022 Asociar ideas, nos permite recordar con mayor facilidad, se trata de relacionar informaci\u00f3n nueva con otra que ya tenemos consolidada, por ejemplo, recordar el rostro y el nombre de alguien recordando que es conocido o pariente de alguien a quien conocemos perfectamente.<br \/>\n\u2022 Categoriza, ordena la informaci\u00f3n por categor\u00edas, imagina que tienes que comprar veinte art\u00edculos en el supermercado, recordarlos todos es tarea complicada, no as\u00ed si los ordenamos en grupos, cinco art\u00edculos de limpieza, cinco en la carnicer\u00eda, cinco en la panader\u00eda y cinco en la fruter\u00eda. El olvido se hace m\u00e1s dif\u00edcil, m\u00e1xime cuando el recuerdo de una cosa de un grupo facilita el recuerdo de las siguiente, precisamente por asociaci\u00f3n como coment\u00e1bamos antes.<br \/>\n\u2022 Visualiza la informaci\u00f3n a recordar, el retener la informaci\u00f3n a trav\u00e9s de im\u00e1genes hace m\u00e1s sencillo su recuerdo, intenta leer dos historias, una sin m\u00e1s, atendiendo a su contenido y a las palabras, y otra haciendo una representaci\u00f3n mental de lo que ocurre en la historia, poniendo imagen a toda la informaci\u00f3n, veras que la informaci\u00f3n que puedes recordar de la segunda es mucho mayor.<br \/>\nEn nuestra vida cotidiana tenemos recursos para ejercitar nuestra memoria: intenta recordar los que comiste y cenaste el d\u00eda anterior, intenta recordar las tareas que tienes que realizar en el d\u00eda o la semana antes de mirar la agenda, haz la compra sin necesidad de una lista utilizando la estrategia de categorizar, observa alguna imagen con detalle y despu\u00e9s sin verla intenta recordar todos los detalles posibles. Nuestra rutina diaria esta llena de oportunidades para ejercitar nuestra memoria, por supuesto existen ejercicios espec\u00edficos que tambi\u00e9n podemos utilizar para mejorar nuestra memoria, o juegos como el ajedrez, el cluedo, el domino, etc.<br \/>\nJ. Miguel San Mart\u00edn. Psic\u00f3logo sanitario<\/p>\n","protected":false},"excerpt":{"rendered":"<p>La memoria es una de las capacidades cognitivas m\u00e1s importantes, ya que nos permite retener aquella informaci\u00f3n relevante y necesaria para relacionarnos con nuestro entorno, cuando falla genera m\u00faltiples problemas en nuestras relaciones con los dem\u00e1s, el entorno y a nivel personal, ya que la memoria forma parte de la identidad personal y no es [&hellip;]<\/p>\n","protected":false},"author":2,"featured_media":923,"comment_status":"open","ping_status":"open","sticky":false,"template":"","format":"standard","meta":{"_et_pb_use_builder":"","_et_pb_old_content":"","_et_gb_content_width":"","footnotes":""},"categories":[307],"tags":[228,230,229,111,81,153,233,231,232],"class_list":["post-922","post","type-post","status-publish","format-standard","has-post-thumbnail","hentry","category-terapias-y-tecnicas-psicologicas","tag-asociacion","tag-capacidades-cognitivas","tag-categorizar","tag-demencia","tag-estimulacion-cognitiva","tag-memoria","tag-memorizar","tag-mente","tag-recuerdo"],"yoast_head":"<!-- This site is optimized with the Yoast SEO Premium plugin v19.2.1 (Yoast SEO v27.4) - https:\/\/yoast.com\/product\/yoast-seo-premium-wordpress\/ -->\n<title>Entrena tu memoria - Psicologos en Colmenar Viejo Madrid<\/title>\n<meta name=\"description\" content=\"psicologo colmenar viejo\" \/>\n<meta name=\"robots\" content=\"index, follow, max-snippet:-1, max-image-preview:large, max-video-preview:-1\" \/>\n<link rel=\"canonical\" href=\"https:\/\/www.psicologiacolmenar.es\/psicologo\/entrena-tu-memoria\/\" \/>\n<meta property=\"og:locale\" content=\"es_ES\" \/>\n<meta property=\"og:type\" content=\"article\" \/>\n<meta property=\"og:title\" content=\"Entrena tu memoria\" \/>\n<meta property=\"og:description\" content=\"La memoria es una de las capacidades cognitivas m\u00e1s importantes, ya que nos permite retener aquella informaci\u00f3n relevante y necesaria para relacionarnos\" \/>\n<meta property=\"og:url\" content=\"https:\/\/www.psicologiacolmenar.es\/psicologo\/entrena-tu-memoria\/\" \/>\n<meta property=\"og:site_name\" content=\"Psicologos en Colmenar Viejo Madrid\" \/>\n<meta property=\"article:publisher\" content=\"https:\/\/www.facebook.com\/psicologocolmenar\/\" \/>\n<meta property=\"article:published_time\" content=\"2018-05-04T10:19:49+00:00\" \/>\n<meta property=\"article:modified_time\" content=\"2018-10-03T18:51:13+00:00\" \/>\n<meta property=\"og:image\" content=\"https:\/\/www.psicologiacolmenar.es\/psicologo\/wp-content\/uploads\/2018\/05\/memoria.jpg\" \/>\n\t<meta property=\"og:image:width\" content=\"400\" \/>\n\t<meta property=\"og:image:height\" content=\"300\" \/>\n\t<meta property=\"og:image:type\" content=\"image\/jpeg\" \/>\n<meta name=\"author\" content=\"Psicologo Colmenar Viejo\" \/>\n<meta name=\"twitter:card\" content=\"summary_large_image\" \/>\n<meta name=\"twitter:creator\" content=\"@jmsanmartinps1\" \/>\n<meta name=\"twitter:site\" content=\"@jmsanmartinps1\" \/>\n<meta name=\"twitter:label1\" content=\"Escrito por\" \/>\n\t<meta name=\"twitter:data1\" content=\"Psicologo Colmenar Viejo\" \/>\n\t<meta name=\"twitter:label2\" content=\"Tiempo de lectura\" \/>\n\t<meta name=\"twitter:data2\" content=\"3 minutos\" \/>\n<script type=\"application\/ld+json\" class=\"yoast-schema-graph\">{\"@context\":\"https:\\\/\\\/schema.org\",\"@graph\":[{\"@type\":\"Article\",\"@id\":\"https:\\\/\\\/www.psicologiacolmenar.es\\\/psicologo\\\/entrena-tu-memoria\\\/#article\",\"isPartOf\":{\"@id\":\"https:\\\/\\\/www.psicologiacolmenar.es\\\/psicologo\\\/entrena-tu-memoria\\\/\"},\"author\":{\"name\":\"Psicologo Colmenar Viejo\",\"@id\":\"https:\\\/\\\/www.psicologiacolmenar.es\\\/psicologo\\\/#\\\/schema\\\/person\\\/c14b55b6ab94baa638c4e455b0f5efcd\"},\"headline\":\"Entrena tu memoria\",\"datePublished\":\"2018-05-04T10:19:49+00:00\",\"dateModified\":\"2018-10-03T18:51:13+00:00\",\"mainEntityOfPage\":{\"@id\":\"https:\\\/\\\/www.psicologiacolmenar.es\\\/psicologo\\\/entrena-tu-memoria\\\/\"},\"wordCount\":573,\"commentCount\":0,\"image\":{\"@id\":\"https:\\\/\\\/www.psicologiacolmenar.es\\\/psicologo\\\/entrena-tu-memoria\\\/#primaryimage\"},\"thumbnailUrl\":\"https:\\\/\\\/www.psicologiacolmenar.es\\\/psicologo\\\/wp-content\\\/uploads\\\/2018\\\/05\\\/memoria.jpg\",\"keywords\":[\"asociaci\u00f3n\",\"capacidades cognitivas\",\"categorizar\",\"demencia\",\"estimulacion cognitiva\",\"memoria\",\"memorizar\",\"mente\",\"recuerdo\"],\"articleSection\":[\"TERAPIAS Y TECNICAS PSICOLOGICAS\"],\"inLanguage\":\"es\",\"potentialAction\":[{\"@type\":\"CommentAction\",\"name\":\"Comment\",\"target\":[\"https:\\\/\\\/www.psicologiacolmenar.es\\\/psicologo\\\/entrena-tu-memoria\\\/#respond\"]}]},{\"@type\":\"WebPage\",\"@id\":\"https:\\\/\\\/www.psicologiacolmenar.es\\\/psicologo\\\/entrena-tu-memoria\\\/\",\"url\":\"https:\\\/\\\/www.psicologiacolmenar.es\\\/psicologo\\\/entrena-tu-memoria\\\/\",\"name\":\"Entrena tu memoria - Psicologos en Colmenar Viejo Madrid\",\"isPartOf\":{\"@id\":\"https:\\\/\\\/www.psicologiacolmenar.es\\\/psicologo\\\/#website\"},\"primaryImageOfPage\":{\"@id\":\"https:\\\/\\\/www.psicologiacolmenar.es\\\/psicologo\\\/entrena-tu-memoria\\\/#primaryimage\"},\"image\":{\"@id\":\"https:\\\/\\\/www.psicologiacolmenar.es\\\/psicologo\\\/entrena-tu-memoria\\\/#primaryimage\"},\"thumbnailUrl\":\"https:\\\/\\\/www.psicologiacolmenar.es\\\/psicologo\\\/wp-content\\\/uploads\\\/2018\\\/05\\\/memoria.jpg\",\"datePublished\":\"2018-05-04T10:19:49+00:00\",\"dateModified\":\"2018-10-03T18:51:13+00:00\",\"author\":{\"@id\":\"https:\\\/\\\/www.psicologiacolmenar.es\\\/psicologo\\\/#\\\/schema\\\/person\\\/c14b55b6ab94baa638c4e455b0f5efcd\"},\"description\":\"psicologo colmenar viejo\",\"breadcrumb\":{\"@id\":\"https:\\\/\\\/www.psicologiacolmenar.es\\\/psicologo\\\/entrena-tu-memoria\\\/#breadcrumb\"},\"inLanguage\":\"es\",\"potentialAction\":[{\"@type\":\"ReadAction\",\"target\":[\"https:\\\/\\\/www.psicologiacolmenar.es\\\/psicologo\\\/entrena-tu-memoria\\\/\"]}]},{\"@type\":\"ImageObject\",\"inLanguage\":\"es\",\"@id\":\"https:\\\/\\\/www.psicologiacolmenar.es\\\/psicologo\\\/entrena-tu-memoria\\\/#primaryimage\",\"url\":\"https:\\\/\\\/www.psicologiacolmenar.es\\\/psicologo\\\/wp-content\\\/uploads\\\/2018\\\/05\\\/memoria.jpg\",\"contentUrl\":\"https:\\\/\\\/www.psicologiacolmenar.es\\\/psicologo\\\/wp-content\\\/uploads\\\/2018\\\/05\\\/memoria.jpg\",\"width\":400,\"height\":300},{\"@type\":\"BreadcrumbList\",\"@id\":\"https:\\\/\\\/www.psicologiacolmenar.es\\\/psicologo\\\/entrena-tu-memoria\\\/#breadcrumb\",\"itemListElement\":[{\"@type\":\"ListItem\",\"position\":1,\"name\":\"Portada\",\"item\":\"https:\\\/\\\/www.psicologiacolmenar.es\\\/psicologo\\\/\"},{\"@type\":\"ListItem\",\"position\":2,\"name\":\"Entrena tu memoria\"}]},{\"@type\":\"WebSite\",\"@id\":\"https:\\\/\\\/www.psicologiacolmenar.es\\\/psicologo\\\/#website\",\"url\":\"https:\\\/\\\/www.psicologiacolmenar.es\\\/psicologo\\\/\",\"name\":\"Psicologos en Colmenar Viejo Madrid\",\"description\":\"Gabinete de psicologos y Centro de psicolog\u00eda en Colmenar Viejo\",\"potentialAction\":[{\"@type\":\"SearchAction\",\"target\":{\"@type\":\"EntryPoint\",\"urlTemplate\":\"https:\\\/\\\/www.psicologiacolmenar.es\\\/psicologo\\\/?s={search_term_string}\"},\"query-input\":{\"@type\":\"PropertyValueSpecification\",\"valueRequired\":true,\"valueName\":\"search_term_string\"}}],\"inLanguage\":\"es\"},{\"@type\":\"Person\",\"@id\":\"https:\\\/\\\/www.psicologiacolmenar.es\\\/psicologo\\\/#\\\/schema\\\/person\\\/c14b55b6ab94baa638c4e455b0f5efcd\",\"name\":\"Psicologo Colmenar Viejo\",\"url\":\"https:\\\/\\\/www.psicologiacolmenar.es\\\/psicologo\\\/author\\\/psicologo-colmenar-viejo\\\/\"}]}<\/script>\n<!-- \/ Yoast SEO Premium plugin. -->","yoast_head_json":{"title":"Entrena tu memoria - Psicologos en Colmenar Viejo Madrid","description":"psicologo colmenar viejo","robots":{"index":"index","follow":"follow","max-snippet":"max-snippet:-1","max-image-preview":"max-image-preview:large","max-video-preview":"max-video-preview:-1"},"canonical":"https:\/\/www.psicologiacolmenar.es\/psicologo\/entrena-tu-memoria\/","og_locale":"es_ES","og_type":"article","og_title":"Entrena tu memoria","og_description":"La memoria es una de las capacidades cognitivas m\u00e1s importantes, ya que nos permite retener aquella informaci\u00f3n relevante y necesaria para relacionarnos","og_url":"https:\/\/www.psicologiacolmenar.es\/psicologo\/entrena-tu-memoria\/","og_site_name":"Psicologos en Colmenar Viejo Madrid","article_publisher":"https:\/\/www.facebook.com\/psicologocolmenar\/","article_published_time":"2018-05-04T10:19:49+00:00","article_modified_time":"2018-10-03T18:51:13+00:00","og_image":[{"width":400,"height":300,"url":"https:\/\/www.psicologiacolmenar.es\/psicologo\/wp-content\/uploads\/2018\/05\/memoria.jpg","type":"image\/jpeg"}],"author":"Psicologo Colmenar Viejo","twitter_card":"summary_large_image","twitter_creator":"@jmsanmartinps1","twitter_site":"@jmsanmartinps1","twitter_misc":{"Escrito por":"Psicologo Colmenar Viejo","Tiempo de lectura":"3 minutos"},"schema":{"@context":"https:\/\/schema.org","@graph":[{"@type":"Article","@id":"https:\/\/www.psicologiacolmenar.es\/psicologo\/entrena-tu-memoria\/#article","isPartOf":{"@id":"https:\/\/www.psicologiacolmenar.es\/psicologo\/entrena-tu-memoria\/"},"author":{"name":"Psicologo Colmenar Viejo","@id":"https:\/\/www.psicologiacolmenar.es\/psicologo\/#\/schema\/person\/c14b55b6ab94baa638c4e455b0f5efcd"},"headline":"Entrena tu memoria","datePublished":"2018-05-04T10:19:49+00:00","dateModified":"2018-10-03T18:51:13+00:00","mainEntityOfPage":{"@id":"https:\/\/www.psicologiacolmenar.es\/psicologo\/entrena-tu-memoria\/"},"wordCount":573,"commentCount":0,"image":{"@id":"https:\/\/www.psicologiacolmenar.es\/psicologo\/entrena-tu-memoria\/#primaryimage"},"thumbnailUrl":"https:\/\/www.psicologiacolmenar.es\/psicologo\/wp-content\/uploads\/2018\/05\/memoria.jpg","keywords":["asociaci\u00f3n","capacidades cognitivas","categorizar","demencia","estimulacion cognitiva","memoria","memorizar","mente","recuerdo"],"articleSection":["TERAPIAS Y TECNICAS PSICOLOGICAS"],"inLanguage":"es","potentialAction":[{"@type":"CommentAction","name":"Comment","target":["https:\/\/www.psicologiacolmenar.es\/psicologo\/entrena-tu-memoria\/#respond"]}]},{"@type":"WebPage","@id":"https:\/\/www.psicologiacolmenar.es\/psicologo\/entrena-tu-memoria\/","url":"https:\/\/www.psicologiacolmenar.es\/psicologo\/entrena-tu-memoria\/","name":"Entrena tu memoria - Psicologos en Colmenar Viejo Madrid","isPartOf":{"@id":"https:\/\/www.psicologiacolmenar.es\/psicologo\/#website"},"primaryImageOfPage":{"@id":"https:\/\/www.psicologiacolmenar.es\/psicologo\/entrena-tu-memoria\/#primaryimage"},"image":{"@id":"https:\/\/www.psicologiacolmenar.es\/psicologo\/entrena-tu-memoria\/#primaryimage"},"thumbnailUrl":"https:\/\/www.psicologiacolmenar.es\/psicologo\/wp-content\/uploads\/2018\/05\/memoria.jpg","datePublished":"2018-05-04T10:19:49+00:00","dateModified":"2018-10-03T18:51:13+00:00","author":{"@id":"https:\/\/www.psicologiacolmenar.es\/psicologo\/#\/schema\/person\/c14b55b6ab94baa638c4e455b0f5efcd"},"description":"psicologo colmenar viejo","breadcrumb":{"@id":"https:\/\/www.psicologiacolmenar.es\/psicologo\/entrena-tu-memoria\/#breadcrumb"},"inLanguage":"es","potentialAction":[{"@type":"ReadAction","target":["https:\/\/www.psicologiacolmenar.es\/psicologo\/entrena-tu-memoria\/"]}]},{"@type":"ImageObject","inLanguage":"es","@id":"https:\/\/www.psicologiacolmenar.es\/psicologo\/entrena-tu-memoria\/#primaryimage","url":"https:\/\/www.psicologiacolmenar.es\/psicologo\/wp-content\/uploads\/2018\/05\/memoria.jpg","contentUrl":"https:\/\/www.psicologiacolmenar.es\/psicologo\/wp-content\/uploads\/2018\/05\/memoria.jpg","width":400,"height":300},{"@type":"BreadcrumbList","@id":"https:\/\/www.psicologiacolmenar.es\/psicologo\/entrena-tu-memoria\/#breadcrumb","itemListElement":[{"@type":"ListItem","position":1,"name":"Portada","item":"https:\/\/www.psicologiacolmenar.es\/psicologo\/"},{"@type":"ListItem","position":2,"name":"Entrena tu memoria"}]},{"@type":"WebSite","@id":"https:\/\/www.psicologiacolmenar.es\/psicologo\/#website","url":"https:\/\/www.psicologiacolmenar.es\/psicologo\/","name":"Psicologos en Colmenar Viejo Madrid","description":"Gabinete de psicologos y Centro de psicolog\u00eda en Colmenar Viejo","potentialAction":[{"@type":"SearchAction","target":{"@type":"EntryPoint","urlTemplate":"https:\/\/www.psicologiacolmenar.es\/psicologo\/?s={search_term_string}"},"query-input":{"@type":"PropertyValueSpecification","valueRequired":true,"valueName":"search_term_string"}}],"inLanguage":"es"},{"@type":"Person","@id":"https:\/\/www.psicologiacolmenar.es\/psicologo\/#\/schema\/person\/c14b55b6ab94baa638c4e455b0f5efcd","name":"Psicologo Colmenar Viejo","url":"https:\/\/www.psicologiacolmenar.es\/psicologo\/author\/psicologo-colmenar-viejo\/"}]}},"_links":{"self":[{"href":"https:\/\/www.psicologiacolmenar.es\/psicologo\/wp-json\/wp\/v2\/posts\/922","targetHints":{"allow":["GET"]}}],"collection":[{"href":"https:\/\/www.psicologiacolmenar.es\/psicologo\/wp-json\/wp\/v2\/posts"}],"about":[{"href":"https:\/\/www.psicologiacolmenar.es\/psicologo\/wp-json\/wp\/v2\/types\/post"}],"author":[{"embeddable":true,"href":"https:\/\/www.psicologiacolmenar.es\/psicologo\/wp-json\/wp\/v2\/users\/2"}],"replies":[{"embeddable":true,"href":"https:\/\/www.psicologiacolmenar.es\/psicologo\/wp-json\/wp\/v2\/comments?post=922"}],"version-history":[{"count":5,"href":"https:\/\/www.psicologiacolmenar.es\/psicologo\/wp-json\/wp\/v2\/posts\/922\/revisions"}],"predecessor-version":[{"id":929,"href":"https:\/\/www.psicologiacolmenar.es\/psicologo\/wp-json\/wp\/v2\/posts\/922\/revisions\/929"}],"wp:featuredmedia":[{"embeddable":true,"href":"https:\/\/www.psicologiacolmenar.es\/psicologo\/wp-json\/wp\/v2\/media\/923"}],"wp:attachment":[{"href":"https:\/\/www.psicologiacolmenar.es\/psicologo\/wp-json\/wp\/v2\/media?parent=922"}],"wp:term":[{"taxonomy":"category","embeddable":true,"href":"https:\/\/www.psicologiacolmenar.es\/psicologo\/wp-json\/wp\/v2\/categories?post=922"},{"taxonomy":"post_tag","embeddable":true,"href":"https:\/\/www.psicologiacolmenar.es\/psicologo\/wp-json\/wp\/v2\/tags?post=922"}],"curies":[{"name":"wp","href":"https:\/\/api.w.org\/{rel}","templated":true}]}}