{"id":935,"date":"2018-05-17T10:43:17","date_gmt":"2018-05-17T10:43:17","guid":{"rendered":"http:\/\/psicologiacolmenar.es\/psicologo\/?p=935"},"modified":"2018-10-03T17:30:45","modified_gmt":"2018-10-03T17:30:45","slug":"timidez-en-la-infancia","status":"publish","type":"post","link":"https:\/\/www.psicologiacolmenar.es\/psicologo\/timidez-en-la-infancia\/","title":{"rendered":"Timidez en la infancia"},"content":{"rendered":"<p>A pesar de la preocupaci\u00f3n por c\u00f3mo se relacionan los ni\u00f1os y ni\u00f1as con otras personas, no se sabe mucho sobre las dificultades de relaci\u00f3n interpersonal en la infancia y concretamente sobre los ni\u00f1os con baja tasa de interacciones, sobre los ni\u00f1os que interact\u00faan con sus iguales con mucha menos frecuencia de lo que es la norma en su grupo de edad, sobre aquellos que presentan ansiedad y temor ante los dem\u00e1s y sobre los que tienden a evitar el contacto social.<br \/>\nNi\u00f1os, etiquetados como t\u00edmidos, retra\u00eddos, aislados o inhibidos. Sorprendentemente, la timidez en la infancia es un fen\u00f3meno al que se presta poca atenci\u00f3n. Las familias de ni\u00f1os t\u00edmidos generalmente no buscan ayuda terap\u00e9utica y cuando lo hacen suele ser bastante tarde.<br \/>\nMuchos padres creen firmemente que su hijo ha nacido as\u00ed y es as\u00ed y se resignan a ello. En otros casos se piensa que es un problema que mejorar\u00e1 con la edad. En el contexto escolar los profesores califican a estos ni\u00f1os como callados y temerosos y en muchos casos no los identifican como posibles sujetos con problemas ya que las conductas que presentan no son perturbadoras, con lo que suelen pasar incluso desapercibidos.<br \/>\nLos problemas interiorizados, aquellos comportamientos que se expresan hacia dentro, que tienen como destinatario al propio sujeto, suscitan mucha menos atenci\u00f3n que los exteriorizados, comportamientos que se expresan hacia fuera, que tienen como destinatarios a los otros y que perturban y alteran el medio en el que se producen.<br \/>\nLos ni\u00f1os t\u00edmidos suelen tener motivaci\u00f3n de aproximaci\u00f3n, pero tambi\u00e9n una alta motivaci\u00f3n de evitaci\u00f3n. Son ni\u00f1os que les gustar\u00eda interactuar con otros, pero por determinadas razones lo evitan. El ni\u00f1o est\u00e1 impulsado aproximarse a otros, pero esta tendencia, simult\u00e1neamente, es inhibida por otra tendencia de evitaci\u00f3n.<br \/>\nLos ni\u00f1os t\u00edmidos suelen evitar a los otros porque les tienen miedo. Son ni\u00f1os con un patr\u00f3n de conducta caracterizado por d\u00e9ficit de relaciones interpersonales y una tendencia estable y acentuada de escape o evitaci\u00f3n del contacto social con otras personas. Ni\u00f1os que de forma estable interact\u00faan poco con sus iguales y mantienen relaciones insuficientes o insatisfactorias con ellos, permanecen mucho tiempo solos, se a\u00edslan de los dem\u00e1s, exhiben un estilo pasivo o inhibido de relaci\u00f3n y sufren de ansiedad social, por lo que evitan activamente distintas situaciones sociales en su vida cotidiana.<br \/>\nLa timidez es de gran inter\u00e9s desde el punto de vista psicol\u00f3gico ya que en si puede ser un s\u00edntoma de otros trastornos de ansiedad o incluso de depresi\u00f3n infantil.<br \/>\nLas consecuencias de la timidez y el retraimiento social en la infancia tienen tambi\u00e9n consecuencias negativas para el sujeto conforme avanza hacia la vida adulta. El retraimiento social en la infancia es un factor de riesgo, ya que predice problemas posteriores de naturaleza interna, los ni\u00f1os socialmente retra\u00eddos corren el riesgo de, en un futuro, sufrir problemas socioemocionales como ansiedad social, depresi\u00f3n, fobia social, etc.<br \/>\nUna vez m\u00e1s, las terapias cognitivo conductuales son el tratamiento de elecci\u00f3n para este tipo de trastornos. Se trata de tratamientos multicomponentes, donde el principal elemento es el entrenamiento en habilidades sociales, acompa\u00f1ado y completado con programas de autoestima, reestructuraci\u00f3n cognitiva y reducci\u00f3n de la ansiedad.<br \/>\nJ. Miguel San Mart\u00edn. Psic\u00f3logo sanitario.<\/p>\n","protected":false},"excerpt":{"rendered":"<p>A pesar de la preocupaci\u00f3n por c\u00f3mo se relacionan los ni\u00f1os y ni\u00f1as con otras personas, no se sabe mucho sobre las dificultades de relaci\u00f3n interpersonal en la infancia y concretamente sobre los ni\u00f1os con baja tasa de interacciones, sobre los ni\u00f1os que interact\u00faan con sus iguales con mucha menos frecuencia de lo que es [&hellip;]<\/p>\n","protected":false},"author":2,"featured_media":936,"comment_status":"open","ping_status":"open","sticky":false,"template":"","format":"standard","meta":{"_et_pb_use_builder":"","_et_pb_old_content":"","_et_gb_content_width":"","footnotes":""},"categories":[309,308],"tags":[244,245,246,223,242,243,241,247],"class_list":["post-935","post","type-post","status-publish","format-standard","has-post-thumbnail","hentry","category-familia","category-infancia-y-adolescencia","tag-aislamiento","tag-ansiedad-social","tag-depresion-infantil","tag-fobia-social","tag-inhibicion","tag-retraido","tag-timidez","tag-timido"],"yoast_head":"<!-- This site is optimized with the Yoast SEO Premium plugin v19.2.1 (Yoast SEO v27.5) - https:\/\/yoast.com\/product\/yoast-seo-premium-wordpress\/ -->\n<title>Timidez en la infancia - Psicologos en Colmenar Viejo Madrid<\/title>\n<meta name=\"description\" content=\"psicologo colmenar viejo\" \/>\n<meta name=\"robots\" content=\"index, follow, max-snippet:-1, max-image-preview:large, max-video-preview:-1\" \/>\n<link rel=\"canonical\" href=\"https:\/\/www.psicologiacolmenar.es\/psicologo\/timidez-en-la-infancia\/\" \/>\n<meta property=\"og:locale\" content=\"es_ES\" \/>\n<meta property=\"og:type\" content=\"article\" \/>\n<meta property=\"og:title\" content=\"Timidez en la infancia\" \/>\n<meta property=\"og:description\" content=\"A pesar de la preocupaci\u00f3n por c\u00f3mo se relacionan los ni\u00f1os y ni\u00f1as con otras personas, no se sabe mucho sobre las dificultades de relaci\u00f3n interpersonal\" \/>\n<meta property=\"og:url\" content=\"https:\/\/www.psicologiacolmenar.es\/psicologo\/timidez-en-la-infancia\/\" \/>\n<meta property=\"og:site_name\" content=\"Psicologos en Colmenar Viejo Madrid\" \/>\n<meta property=\"article:publisher\" content=\"https:\/\/www.facebook.com\/psicologocolmenar\/\" \/>\n<meta property=\"article:published_time\" content=\"2018-05-17T10:43:17+00:00\" \/>\n<meta property=\"article:modified_time\" content=\"2018-10-03T17:30:45+00:00\" \/>\n<meta property=\"og:image\" content=\"https:\/\/www.psicologiacolmenar.es\/psicologo\/wp-content\/uploads\/2018\/05\/crianca-timidez.jpg\" \/>\n\t<meta property=\"og:image:width\" content=\"760\" \/>\n\t<meta property=\"og:image:height\" content=\"432\" \/>\n\t<meta property=\"og:image:type\" content=\"image\/jpeg\" \/>\n<meta name=\"author\" content=\"Psicologo Colmenar Viejo\" \/>\n<meta name=\"twitter:card\" content=\"summary_large_image\" \/>\n<meta name=\"twitter:creator\" content=\"@jmsanmartinps1\" \/>\n<meta name=\"twitter:site\" content=\"@jmsanmartinps1\" \/>\n<meta name=\"twitter:label1\" content=\"Escrito por\" \/>\n\t<meta name=\"twitter:data1\" content=\"Psicologo Colmenar Viejo\" \/>\n\t<meta name=\"twitter:label2\" content=\"Tiempo de lectura\" \/>\n\t<meta name=\"twitter:data2\" content=\"3 minutos\" \/>\n<script type=\"application\/ld+json\" class=\"yoast-schema-graph\">{\"@context\":\"https:\\\/\\\/schema.org\",\"@graph\":[{\"@type\":\"Article\",\"@id\":\"https:\\\/\\\/www.psicologiacolmenar.es\\\/psicologo\\\/timidez-en-la-infancia\\\/#article\",\"isPartOf\":{\"@id\":\"https:\\\/\\\/www.psicologiacolmenar.es\\\/psicologo\\\/timidez-en-la-infancia\\\/\"},\"author\":{\"name\":\"Psicologo Colmenar Viejo\",\"@id\":\"https:\\\/\\\/www.psicologiacolmenar.es\\\/psicologo\\\/#\\\/schema\\\/person\\\/c14b55b6ab94baa638c4e455b0f5efcd\"},\"headline\":\"Timidez en la infancia\",\"datePublished\":\"2018-05-17T10:43:17+00:00\",\"dateModified\":\"2018-10-03T17:30:45+00:00\",\"mainEntityOfPage\":{\"@id\":\"https:\\\/\\\/www.psicologiacolmenar.es\\\/psicologo\\\/timidez-en-la-infancia\\\/\"},\"wordCount\":594,\"commentCount\":0,\"image\":{\"@id\":\"https:\\\/\\\/www.psicologiacolmenar.es\\\/psicologo\\\/timidez-en-la-infancia\\\/#primaryimage\"},\"thumbnailUrl\":\"https:\\\/\\\/www.psicologiacolmenar.es\\\/psicologo\\\/wp-content\\\/uploads\\\/2018\\\/05\\\/crianca-timidez.jpg\",\"keywords\":[\"aislamiento\",\"ansiedad social\",\"depresi\u00f3n infantil\",\"fobia social\",\"inhibici\u00f3n\",\"retraido\",\"timidez\",\"t\u00edmido\"],\"articleSection\":[\"FAMILIA\",\"INFANCIA Y ADOLESCENCIA\"],\"inLanguage\":\"es\",\"potentialAction\":[{\"@type\":\"CommentAction\",\"name\":\"Comment\",\"target\":[\"https:\\\/\\\/www.psicologiacolmenar.es\\\/psicologo\\\/timidez-en-la-infancia\\\/#respond\"]}]},{\"@type\":\"WebPage\",\"@id\":\"https:\\\/\\\/www.psicologiacolmenar.es\\\/psicologo\\\/timidez-en-la-infancia\\\/\",\"url\":\"https:\\\/\\\/www.psicologiacolmenar.es\\\/psicologo\\\/timidez-en-la-infancia\\\/\",\"name\":\"Timidez en la infancia - Psicologos en Colmenar Viejo Madrid\",\"isPartOf\":{\"@id\":\"https:\\\/\\\/www.psicologiacolmenar.es\\\/psicologo\\\/#website\"},\"primaryImageOfPage\":{\"@id\":\"https:\\\/\\\/www.psicologiacolmenar.es\\\/psicologo\\\/timidez-en-la-infancia\\\/#primaryimage\"},\"image\":{\"@id\":\"https:\\\/\\\/www.psicologiacolmenar.es\\\/psicologo\\\/timidez-en-la-infancia\\\/#primaryimage\"},\"thumbnailUrl\":\"https:\\\/\\\/www.psicologiacolmenar.es\\\/psicologo\\\/wp-content\\\/uploads\\\/2018\\\/05\\\/crianca-timidez.jpg\",\"datePublished\":\"2018-05-17T10:43:17+00:00\",\"dateModified\":\"2018-10-03T17:30:45+00:00\",\"author\":{\"@id\":\"https:\\\/\\\/www.psicologiacolmenar.es\\\/psicologo\\\/#\\\/schema\\\/person\\\/c14b55b6ab94baa638c4e455b0f5efcd\"},\"description\":\"psicologo colmenar viejo\",\"breadcrumb\":{\"@id\":\"https:\\\/\\\/www.psicologiacolmenar.es\\\/psicologo\\\/timidez-en-la-infancia\\\/#breadcrumb\"},\"inLanguage\":\"es\",\"potentialAction\":[{\"@type\":\"ReadAction\",\"target\":[\"https:\\\/\\\/www.psicologiacolmenar.es\\\/psicologo\\\/timidez-en-la-infancia\\\/\"]}]},{\"@type\":\"ImageObject\",\"inLanguage\":\"es\",\"@id\":\"https:\\\/\\\/www.psicologiacolmenar.es\\\/psicologo\\\/timidez-en-la-infancia\\\/#primaryimage\",\"url\":\"https:\\\/\\\/www.psicologiacolmenar.es\\\/psicologo\\\/wp-content\\\/uploads\\\/2018\\\/05\\\/crianca-timidez.jpg\",\"contentUrl\":\"https:\\\/\\\/www.psicologiacolmenar.es\\\/psicologo\\\/wp-content\\\/uploads\\\/2018\\\/05\\\/crianca-timidez.jpg\",\"width\":760,\"height\":432,\"caption\":\"psicolo infantil timidez\"},{\"@type\":\"BreadcrumbList\",\"@id\":\"https:\\\/\\\/www.psicologiacolmenar.es\\\/psicologo\\\/timidez-en-la-infancia\\\/#breadcrumb\",\"itemListElement\":[{\"@type\":\"ListItem\",\"position\":1,\"name\":\"Portada\",\"item\":\"https:\\\/\\\/www.psicologiacolmenar.es\\\/psicologo\\\/\"},{\"@type\":\"ListItem\",\"position\":2,\"name\":\"Timidez en la infancia\"}]},{\"@type\":\"WebSite\",\"@id\":\"https:\\\/\\\/www.psicologiacolmenar.es\\\/psicologo\\\/#website\",\"url\":\"https:\\\/\\\/www.psicologiacolmenar.es\\\/psicologo\\\/\",\"name\":\"Psicologos en Colmenar Viejo Madrid\",\"description\":\"Gabinete de psicologos y Centro de psicolog\u00eda en Colmenar Viejo\",\"potentialAction\":[{\"@type\":\"SearchAction\",\"target\":{\"@type\":\"EntryPoint\",\"urlTemplate\":\"https:\\\/\\\/www.psicologiacolmenar.es\\\/psicologo\\\/?s={search_term_string}\"},\"query-input\":{\"@type\":\"PropertyValueSpecification\",\"valueRequired\":true,\"valueName\":\"search_term_string\"}}],\"inLanguage\":\"es\"},{\"@type\":\"Person\",\"@id\":\"https:\\\/\\\/www.psicologiacolmenar.es\\\/psicologo\\\/#\\\/schema\\\/person\\\/c14b55b6ab94baa638c4e455b0f5efcd\",\"name\":\"Psicologo Colmenar Viejo\",\"url\":\"https:\\\/\\\/www.psicologiacolmenar.es\\\/psicologo\\\/author\\\/psicologo-colmenar-viejo\\\/\"}]}<\/script>\n<!-- \/ Yoast SEO Premium plugin. -->","yoast_head_json":{"title":"Timidez en la infancia - Psicologos en Colmenar Viejo Madrid","description":"psicologo colmenar viejo","robots":{"index":"index","follow":"follow","max-snippet":"max-snippet:-1","max-image-preview":"max-image-preview:large","max-video-preview":"max-video-preview:-1"},"canonical":"https:\/\/www.psicologiacolmenar.es\/psicologo\/timidez-en-la-infancia\/","og_locale":"es_ES","og_type":"article","og_title":"Timidez en la infancia","og_description":"A pesar de la preocupaci\u00f3n por c\u00f3mo se relacionan los ni\u00f1os y ni\u00f1as con otras personas, no se sabe mucho sobre las dificultades de relaci\u00f3n interpersonal","og_url":"https:\/\/www.psicologiacolmenar.es\/psicologo\/timidez-en-la-infancia\/","og_site_name":"Psicologos en Colmenar Viejo Madrid","article_publisher":"https:\/\/www.facebook.com\/psicologocolmenar\/","article_published_time":"2018-05-17T10:43:17+00:00","article_modified_time":"2018-10-03T17:30:45+00:00","og_image":[{"width":760,"height":432,"url":"https:\/\/www.psicologiacolmenar.es\/psicologo\/wp-content\/uploads\/2018\/05\/crianca-timidez.jpg","type":"image\/jpeg"}],"author":"Psicologo Colmenar Viejo","twitter_card":"summary_large_image","twitter_creator":"@jmsanmartinps1","twitter_site":"@jmsanmartinps1","twitter_misc":{"Escrito por":"Psicologo Colmenar Viejo","Tiempo de lectura":"3 minutos"},"schema":{"@context":"https:\/\/schema.org","@graph":[{"@type":"Article","@id":"https:\/\/www.psicologiacolmenar.es\/psicologo\/timidez-en-la-infancia\/#article","isPartOf":{"@id":"https:\/\/www.psicologiacolmenar.es\/psicologo\/timidez-en-la-infancia\/"},"author":{"name":"Psicologo Colmenar Viejo","@id":"https:\/\/www.psicologiacolmenar.es\/psicologo\/#\/schema\/person\/c14b55b6ab94baa638c4e455b0f5efcd"},"headline":"Timidez en la infancia","datePublished":"2018-05-17T10:43:17+00:00","dateModified":"2018-10-03T17:30:45+00:00","mainEntityOfPage":{"@id":"https:\/\/www.psicologiacolmenar.es\/psicologo\/timidez-en-la-infancia\/"},"wordCount":594,"commentCount":0,"image":{"@id":"https:\/\/www.psicologiacolmenar.es\/psicologo\/timidez-en-la-infancia\/#primaryimage"},"thumbnailUrl":"https:\/\/www.psicologiacolmenar.es\/psicologo\/wp-content\/uploads\/2018\/05\/crianca-timidez.jpg","keywords":["aislamiento","ansiedad social","depresi\u00f3n infantil","fobia social","inhibici\u00f3n","retraido","timidez","t\u00edmido"],"articleSection":["FAMILIA","INFANCIA Y ADOLESCENCIA"],"inLanguage":"es","potentialAction":[{"@type":"CommentAction","name":"Comment","target":["https:\/\/www.psicologiacolmenar.es\/psicologo\/timidez-en-la-infancia\/#respond"]}]},{"@type":"WebPage","@id":"https:\/\/www.psicologiacolmenar.es\/psicologo\/timidez-en-la-infancia\/","url":"https:\/\/www.psicologiacolmenar.es\/psicologo\/timidez-en-la-infancia\/","name":"Timidez en la infancia - Psicologos en Colmenar Viejo Madrid","isPartOf":{"@id":"https:\/\/www.psicologiacolmenar.es\/psicologo\/#website"},"primaryImageOfPage":{"@id":"https:\/\/www.psicologiacolmenar.es\/psicologo\/timidez-en-la-infancia\/#primaryimage"},"image":{"@id":"https:\/\/www.psicologiacolmenar.es\/psicologo\/timidez-en-la-infancia\/#primaryimage"},"thumbnailUrl":"https:\/\/www.psicologiacolmenar.es\/psicologo\/wp-content\/uploads\/2018\/05\/crianca-timidez.jpg","datePublished":"2018-05-17T10:43:17+00:00","dateModified":"2018-10-03T17:30:45+00:00","author":{"@id":"https:\/\/www.psicologiacolmenar.es\/psicologo\/#\/schema\/person\/c14b55b6ab94baa638c4e455b0f5efcd"},"description":"psicologo colmenar viejo","breadcrumb":{"@id":"https:\/\/www.psicologiacolmenar.es\/psicologo\/timidez-en-la-infancia\/#breadcrumb"},"inLanguage":"es","potentialAction":[{"@type":"ReadAction","target":["https:\/\/www.psicologiacolmenar.es\/psicologo\/timidez-en-la-infancia\/"]}]},{"@type":"ImageObject","inLanguage":"es","@id":"https:\/\/www.psicologiacolmenar.es\/psicologo\/timidez-en-la-infancia\/#primaryimage","url":"https:\/\/www.psicologiacolmenar.es\/psicologo\/wp-content\/uploads\/2018\/05\/crianca-timidez.jpg","contentUrl":"https:\/\/www.psicologiacolmenar.es\/psicologo\/wp-content\/uploads\/2018\/05\/crianca-timidez.jpg","width":760,"height":432,"caption":"psicolo infantil timidez"},{"@type":"BreadcrumbList","@id":"https:\/\/www.psicologiacolmenar.es\/psicologo\/timidez-en-la-infancia\/#breadcrumb","itemListElement":[{"@type":"ListItem","position":1,"name":"Portada","item":"https:\/\/www.psicologiacolmenar.es\/psicologo\/"},{"@type":"ListItem","position":2,"name":"Timidez en la infancia"}]},{"@type":"WebSite","@id":"https:\/\/www.psicologiacolmenar.es\/psicologo\/#website","url":"https:\/\/www.psicologiacolmenar.es\/psicologo\/","name":"Psicologos en Colmenar Viejo Madrid","description":"Gabinete de psicologos y Centro de psicolog\u00eda en Colmenar Viejo","potentialAction":[{"@type":"SearchAction","target":{"@type":"EntryPoint","urlTemplate":"https:\/\/www.psicologiacolmenar.es\/psicologo\/?s={search_term_string}"},"query-input":{"@type":"PropertyValueSpecification","valueRequired":true,"valueName":"search_term_string"}}],"inLanguage":"es"},{"@type":"Person","@id":"https:\/\/www.psicologiacolmenar.es\/psicologo\/#\/schema\/person\/c14b55b6ab94baa638c4e455b0f5efcd","name":"Psicologo Colmenar Viejo","url":"https:\/\/www.psicologiacolmenar.es\/psicologo\/author\/psicologo-colmenar-viejo\/"}]}},"_links":{"self":[{"href":"https:\/\/www.psicologiacolmenar.es\/psicologo\/wp-json\/wp\/v2\/posts\/935","targetHints":{"allow":["GET"]}}],"collection":[{"href":"https:\/\/www.psicologiacolmenar.es\/psicologo\/wp-json\/wp\/v2\/posts"}],"about":[{"href":"https:\/\/www.psicologiacolmenar.es\/psicologo\/wp-json\/wp\/v2\/types\/post"}],"author":[{"embeddable":true,"href":"https:\/\/www.psicologiacolmenar.es\/psicologo\/wp-json\/wp\/v2\/users\/2"}],"replies":[{"embeddable":true,"href":"https:\/\/www.psicologiacolmenar.es\/psicologo\/wp-json\/wp\/v2\/comments?post=935"}],"version-history":[{"count":1,"href":"https:\/\/www.psicologiacolmenar.es\/psicologo\/wp-json\/wp\/v2\/posts\/935\/revisions"}],"predecessor-version":[{"id":937,"href":"https:\/\/www.psicologiacolmenar.es\/psicologo\/wp-json\/wp\/v2\/posts\/935\/revisions\/937"}],"wp:featuredmedia":[{"embeddable":true,"href":"https:\/\/www.psicologiacolmenar.es\/psicologo\/wp-json\/wp\/v2\/media\/936"}],"wp:attachment":[{"href":"https:\/\/www.psicologiacolmenar.es\/psicologo\/wp-json\/wp\/v2\/media?parent=935"}],"wp:term":[{"taxonomy":"category","embeddable":true,"href":"https:\/\/www.psicologiacolmenar.es\/psicologo\/wp-json\/wp\/v2\/categories?post=935"},{"taxonomy":"post_tag","embeddable":true,"href":"https:\/\/www.psicologiacolmenar.es\/psicologo\/wp-json\/wp\/v2\/tags?post=935"}],"curies":[{"name":"wp","href":"https:\/\/api.w.org\/{rel}","templated":true}]}}