{"id":944,"date":"2018-05-31T10:31:34","date_gmt":"2018-05-31T10:31:34","guid":{"rendered":"http:\/\/psicologiacolmenar.es\/psicologo\/?p=944"},"modified":"2018-12-21T10:43:17","modified_gmt":"2018-12-21T10:43:17","slug":"prevencion-de-la-dependencia","status":"publish","type":"post","link":"https:\/\/www.psicologiacolmenar.es\/psicologo\/prevencion-de-la-dependencia\/","title":{"rendered":"Prevenci\u00f3n de la dependencia"},"content":{"rendered":"<h1><strong>La prevenci\u00f3n de la dependencia<\/strong><\/h1>\n<p>La mayor parte de las actuaciones preventivas est\u00e1n destinadas a mantener la autonom\u00eda personal y la capacidad funcional, en un nivel satisfactorio. Se trata de actuaciones dirigidas a prevenir o retrasar la aparici\u00f3n de enfermedad e incapacidad.<\/p>\n<h2><strong>\u00bfCu\u00e1les son los tipos de prevenci\u00f3n de la dependencia?<\/strong><\/h2>\n<p>Las actividades preventivas pueden clasificarse atendiendo a la fase de desarrollo o evoluci\u00f3n de la enfermedad. As\u00ed, se distinguen tres tipos de prevenci\u00f3n:<br \/>\n\u2022 <strong>Prevenci\u00f3n primaria:<\/strong> busca evitar la enfermedad antes de que \u00e9sta aparezca.<br \/>\n\u2022 <strong>Prevenci\u00f3n secundaria:<\/strong> busca impedir o limitar la aparici\u00f3n de las manifestaciones o de las complicaciones de la enfermedad una vez se ha instaurado.<br \/>\n\u2022 <strong>Prevenci\u00f3n terciaria:<\/strong> persigue minimizar las consecuencias de la propia enfermedad y facilitar la recuperaci\u00f3n de la misma.<\/p>\n<h2><strong>Actuaciones para la prevenci\u00f3n de la dependencia<\/strong><\/h2>\n<p>A continuaci\u00f3n, hacemos referencia a las actuaciones propias en cada nivel de prevenci\u00f3n:<br \/>\nA nivel de prevenci\u00f3n primaria, la <strong>promoci\u00f3n de la salud<\/strong>, el ejercicio f\u00edsico adecuado es probablemente la medida preventiva aislada m\u00e1s importante que existe, produciendo m\u00e1s beneficio para la salud de la poblaci\u00f3n que cualquier otro cambio en el comportamiento. La inactividad f\u00edsica es el principal factor de riesgo independiente de dependencia modificable, debido a su elevada prevalencia (mayor que el h\u00e1bito de fumar o la obesidad). Otros <strong>aspectos importantes que disminuir\u00edan la morbilidad y mortalidad a largo plazo<\/strong>, ser\u00edan mantener un peso apropiado, abandono del h\u00e1bito de fumar, consumo moderado de alcohol, no consumir excesivos medicamentos y mantener unas relaciones sociales satisfactorias; factores en los que de forma secundaria tambi\u00e9n pueden modificarse con la pr\u00e1ctica de ejercicio.<\/p>\n<p>En cuanto a la prevenci\u00f3n secundaria, la <strong>actividad f\u00edsica<\/strong> puede prevenir recurrencias o servir como <strong>tratamiento a\u00f1adido a los cuidados<\/strong>. En mayores, la prevenci\u00f3n secundaria supone la detecci\u00f3n precoz de incapacidad leve o en riesgo de padecerla (fragilidad) y el control de enfermedades cr\u00f3nicas para evitar las complicaciones que pueden llegar a producir dependencia.<br \/>\nLa fragilidad se considera un s\u00edndrome biol\u00f3gico de disminuci\u00f3n de la capacidad de reserva y resistencia ante circunstancias estresantes, resultado del deterioro de m\u00faltiples sistemas fisiol\u00f3gicos y que predispone a eventos adversos (dependencia, internamiento en residencia e incluso la muerte).<\/p>\n<p>A su vez, <strong>las ca\u00eddas<\/strong> son una importante causa de dependencia por las lesiones que producen y por el miedo a futuras ca\u00eddas. El entrenamiento de fuerza y resistencia de los miembros inferiores, as\u00ed como de la marcha y el equilibrio, son una de las medidas m\u00e1s importantes, que mejora la <strong>deambulaci\u00f3n.<\/strong><\/p>\n<p><strong>La <a href=\"https:\/\/medlineplus.gov\/spanish\/ency\/patientinstructions\/000759.htm\">enfermedad cardiovascular<\/a> y la <a href=\"http:\/\/www.radioterapiahm.com\/patologa-benigna\/\">patolog\u00eda osteoarticular<\/a><\/strong> son una de las principales causas de incapacidad en los mayores, por lo que es importante adoptar medidas preventivas que pueden evitar su progresi\u00f3n o sus complicaciones. Aqu\u00ed tambi\u00e9n el ejercicio f\u00edsico cumple un papel importante.<br \/>\nEl ejercicio practicado de forma regular, mantenida y con una cierta intensidad provoca adaptaciones funcionales org\u00e1nicas muy beneficiosas.<\/p>\n<p>Resumiendo, la <strong>pr\u00e1ctica regular de ejercicio mejora la fuerza y la capacidad aer\u00f3bica<\/strong>, el resultado es una mejora en la capacidad fisiol\u00f3gica, reducci\u00f3n del esfuerzo y la fatiga asociadas con las actividades de la vida diaria, y lo m\u00e1s importante, disminuye el riesgo de dependencia funcional y prolonga la expectativa de vida activa al disminuir las secuelas del envejecimiento y las enfermedades cr\u00f3nicas.<\/p>\n<h2><strong>Tratamiento para prevenir la dependencia en Colmenar Viejo<\/strong><\/h2>\n<p>\u00bfBuscas un <strong>Gabinete de Psicolog\u00eda<\/strong> especializado en el <strong>Tratamiento de la Dependencia<\/strong>? En Avanza, Gabinete de Psicolog\u00eda en Colmenar Viejo, Madrid, podemos ayudarte. <strong><a href=\"https:\/\/psicologiacolmenar.es\/psicologo\/localizacion-contacto-gabinete-de-psicologia-centro-de-psicologo-en-colmenar-viejo\/\">Contacta con nosotros<\/a><\/strong> para solicitar m\u00e1s informaci\u00f3n o pedir cita.<\/p>\n<p><strong><a href=\"http:\/\/psicologiacolmenar.es\/psicologo\/psicologo-colmenar-viejo\/\">J. Miguel San Mart\u00edn. Psic\u00f3logo sanitario.<\/a><\/strong><\/p>\n","protected":false},"excerpt":{"rendered":"<p>La prevenci\u00f3n de la dependencia La mayor parte de las actuaciones preventivas est\u00e1n destinadas a mantener la autonom\u00eda personal y la capacidad funcional, en un nivel satisfactorio. Se trata de actuaciones dirigidas a prevenir o retrasar la aparici\u00f3n de enfermedad e incapacidad. \u00bfCu\u00e1les son los tipos de prevenci\u00f3n de la dependencia? Las actividades preventivas pueden [&hellip;]<\/p>\n","protected":false},"author":2,"featured_media":945,"comment_status":"open","ping_status":"open","sticky":false,"template":"","format":"standard","meta":{"_et_pb_use_builder":"","_et_pb_old_content":"","_et_gb_content_width":"","footnotes":""},"categories":[309,303],"tags":[257,258,259,255,160,256,8,122],"class_list":["post-944","post","type-post","status-publish","format-standard","has-post-thumbnail","hentry","category-familia","category-tercera-edad","tag-actividades-basicas-de-la-vida-diaria","tag-autonomia","tag-caidas","tag-dependencia","tag-enfermedades-cardiovasculares","tag-envejecimiento-activo","tag-mayores","tag-prevencion"],"yoast_head":"<!-- This site is optimized with the Yoast SEO Premium plugin v19.2.1 (Yoast SEO v27.5) - https:\/\/yoast.com\/product\/yoast-seo-premium-wordpress\/ -->\n<title>Avanza Gabinete de Psicolog\u00eda - Prevenci\u00f3n de la dependencia<\/title>\n<meta name=\"description\" content=\"\u00bfBuscas un Gabinete de Psicolog\u00eda especializado en el Tratamiento de la Dependencia? En Avanza, Gabinete de Psicolog\u00eda en Colmenar Viejo, podemos ayudarte.\" \/>\n<meta name=\"robots\" content=\"index, follow, max-snippet:-1, max-image-preview:large, max-video-preview:-1\" \/>\n<link rel=\"canonical\" href=\"https:\/\/www.psicologiacolmenar.es\/psicologo\/prevencion-de-la-dependencia\/\" \/>\n<meta property=\"og:locale\" content=\"es_ES\" \/>\n<meta property=\"og:type\" content=\"article\" \/>\n<meta property=\"og:title\" content=\"Prevenci\u00f3n de la dependencia\" \/>\n<meta property=\"og:description\" content=\"La prevenci\u00f3n de la dependencia La mayor parte de las actuaciones preventivas est\u00e1n destinadas a mantener la autonom\u00eda personal y la capacidad funcional,\" \/>\n<meta property=\"og:url\" content=\"https:\/\/www.psicologiacolmenar.es\/psicologo\/prevencion-de-la-dependencia\/\" \/>\n<meta property=\"og:site_name\" content=\"Psicologos en Colmenar Viejo Madrid\" \/>\n<meta property=\"article:publisher\" content=\"https:\/\/www.facebook.com\/psicologocolmenar\/\" \/>\n<meta property=\"article:published_time\" content=\"2018-05-31T10:31:34+00:00\" \/>\n<meta property=\"article:modified_time\" content=\"2018-12-21T10:43:17+00:00\" \/>\n<meta property=\"og:image\" content=\"https:\/\/www.psicologiacolmenar.es\/psicologo\/wp-content\/uploads\/2018\/05\/evejecimiento-activo.2.jpg\" \/>\n\t<meta property=\"og:image:width\" content=\"696\" \/>\n\t<meta property=\"og:image:height\" content=\"464\" \/>\n\t<meta property=\"og:image:type\" content=\"image\/jpeg\" \/>\n<meta name=\"author\" content=\"Psicologo Colmenar Viejo\" \/>\n<meta name=\"twitter:card\" content=\"summary_large_image\" \/>\n<meta name=\"twitter:creator\" content=\"@jmsanmartinps1\" \/>\n<meta name=\"twitter:site\" content=\"@jmsanmartinps1\" \/>\n<meta name=\"twitter:label1\" content=\"Escrito por\" \/>\n\t<meta name=\"twitter:data1\" content=\"Psicologo Colmenar Viejo\" \/>\n\t<meta name=\"twitter:label2\" content=\"Tiempo de lectura\" \/>\n\t<meta name=\"twitter:data2\" content=\"3 minutos\" \/>\n<script type=\"application\/ld+json\" class=\"yoast-schema-graph\">{\"@context\":\"https:\\\/\\\/schema.org\",\"@graph\":[{\"@type\":\"Article\",\"@id\":\"https:\\\/\\\/www.psicologiacolmenar.es\\\/psicologo\\\/prevencion-de-la-dependencia\\\/#article\",\"isPartOf\":{\"@id\":\"https:\\\/\\\/www.psicologiacolmenar.es\\\/psicologo\\\/prevencion-de-la-dependencia\\\/\"},\"author\":{\"name\":\"Psicologo Colmenar Viejo\",\"@id\":\"https:\\\/\\\/www.psicologiacolmenar.es\\\/psicologo\\\/#\\\/schema\\\/person\\\/c14b55b6ab94baa638c4e455b0f5efcd\"},\"headline\":\"Prevenci\u00f3n de la dependencia\",\"datePublished\":\"2018-05-31T10:31:34+00:00\",\"dateModified\":\"2018-12-21T10:43:17+00:00\",\"mainEntityOfPage\":{\"@id\":\"https:\\\/\\\/www.psicologiacolmenar.es\\\/psicologo\\\/prevencion-de-la-dependencia\\\/\"},\"wordCount\":646,\"commentCount\":0,\"image\":{\"@id\":\"https:\\\/\\\/www.psicologiacolmenar.es\\\/psicologo\\\/prevencion-de-la-dependencia\\\/#primaryimage\"},\"thumbnailUrl\":\"https:\\\/\\\/www.psicologiacolmenar.es\\\/psicologo\\\/wp-content\\\/uploads\\\/2018\\\/05\\\/evejecimiento-activo.2.jpg\",\"keywords\":[\"actividades basicas de la vida diaria\",\"autonomia\",\"ca\u00eddas\",\"dependencia\",\"enfermedades cardiovasculares\",\"envejecimiento activo\",\"mayores\",\"prevenci\u00f3n\"],\"articleSection\":[\"FAMILIA\",\"TERCERA EDAD\"],\"inLanguage\":\"es\",\"potentialAction\":[{\"@type\":\"CommentAction\",\"name\":\"Comment\",\"target\":[\"https:\\\/\\\/www.psicologiacolmenar.es\\\/psicologo\\\/prevencion-de-la-dependencia\\\/#respond\"]}]},{\"@type\":\"WebPage\",\"@id\":\"https:\\\/\\\/www.psicologiacolmenar.es\\\/psicologo\\\/prevencion-de-la-dependencia\\\/\",\"url\":\"https:\\\/\\\/www.psicologiacolmenar.es\\\/psicologo\\\/prevencion-de-la-dependencia\\\/\",\"name\":\"Avanza Gabinete de Psicolog\u00eda - Prevenci\u00f3n de la dependencia\",\"isPartOf\":{\"@id\":\"https:\\\/\\\/www.psicologiacolmenar.es\\\/psicologo\\\/#website\"},\"primaryImageOfPage\":{\"@id\":\"https:\\\/\\\/www.psicologiacolmenar.es\\\/psicologo\\\/prevencion-de-la-dependencia\\\/#primaryimage\"},\"image\":{\"@id\":\"https:\\\/\\\/www.psicologiacolmenar.es\\\/psicologo\\\/prevencion-de-la-dependencia\\\/#primaryimage\"},\"thumbnailUrl\":\"https:\\\/\\\/www.psicologiacolmenar.es\\\/psicologo\\\/wp-content\\\/uploads\\\/2018\\\/05\\\/evejecimiento-activo.2.jpg\",\"datePublished\":\"2018-05-31T10:31:34+00:00\",\"dateModified\":\"2018-12-21T10:43:17+00:00\",\"author\":{\"@id\":\"https:\\\/\\\/www.psicologiacolmenar.es\\\/psicologo\\\/#\\\/schema\\\/person\\\/c14b55b6ab94baa638c4e455b0f5efcd\"},\"description\":\"\u00bfBuscas un Gabinete de Psicolog\u00eda especializado en el Tratamiento de la Dependencia? En Avanza, Gabinete de Psicolog\u00eda en Colmenar Viejo, podemos ayudarte.\",\"breadcrumb\":{\"@id\":\"https:\\\/\\\/www.psicologiacolmenar.es\\\/psicologo\\\/prevencion-de-la-dependencia\\\/#breadcrumb\"},\"inLanguage\":\"es\",\"potentialAction\":[{\"@type\":\"ReadAction\",\"target\":[\"https:\\\/\\\/www.psicologiacolmenar.es\\\/psicologo\\\/prevencion-de-la-dependencia\\\/\"]}]},{\"@type\":\"ImageObject\",\"inLanguage\":\"es\",\"@id\":\"https:\\\/\\\/www.psicologiacolmenar.es\\\/psicologo\\\/prevencion-de-la-dependencia\\\/#primaryimage\",\"url\":\"https:\\\/\\\/www.psicologiacolmenar.es\\\/psicologo\\\/wp-content\\\/uploads\\\/2018\\\/05\\\/evejecimiento-activo.2.jpg\",\"contentUrl\":\"https:\\\/\\\/www.psicologiacolmenar.es\\\/psicologo\\\/wp-content\\\/uploads\\\/2018\\\/05\\\/evejecimiento-activo.2.jpg\",\"width\":696,\"height\":464,\"caption\":\"Avanza Gabinete de Psicolog\u00eda - Prevenci\u00f3n de la Dependencia\"},{\"@type\":\"BreadcrumbList\",\"@id\":\"https:\\\/\\\/www.psicologiacolmenar.es\\\/psicologo\\\/prevencion-de-la-dependencia\\\/#breadcrumb\",\"itemListElement\":[{\"@type\":\"ListItem\",\"position\":1,\"name\":\"Portada\",\"item\":\"https:\\\/\\\/www.psicologiacolmenar.es\\\/psicologo\\\/\"},{\"@type\":\"ListItem\",\"position\":2,\"name\":\"Prevenci\u00f3n de la dependencia\"}]},{\"@type\":\"WebSite\",\"@id\":\"https:\\\/\\\/www.psicologiacolmenar.es\\\/psicologo\\\/#website\",\"url\":\"https:\\\/\\\/www.psicologiacolmenar.es\\\/psicologo\\\/\",\"name\":\"Psicologos en Colmenar Viejo Madrid\",\"description\":\"Gabinete de psicologos y Centro de psicolog\u00eda en Colmenar Viejo\",\"potentialAction\":[{\"@type\":\"SearchAction\",\"target\":{\"@type\":\"EntryPoint\",\"urlTemplate\":\"https:\\\/\\\/www.psicologiacolmenar.es\\\/psicologo\\\/?s={search_term_string}\"},\"query-input\":{\"@type\":\"PropertyValueSpecification\",\"valueRequired\":true,\"valueName\":\"search_term_string\"}}],\"inLanguage\":\"es\"},{\"@type\":\"Person\",\"@id\":\"https:\\\/\\\/www.psicologiacolmenar.es\\\/psicologo\\\/#\\\/schema\\\/person\\\/c14b55b6ab94baa638c4e455b0f5efcd\",\"name\":\"Psicologo Colmenar Viejo\",\"url\":\"https:\\\/\\\/www.psicologiacolmenar.es\\\/psicologo\\\/author\\\/psicologo-colmenar-viejo\\\/\"}]}<\/script>\n<!-- \/ Yoast SEO Premium plugin. -->","yoast_head_json":{"title":"Avanza Gabinete de Psicolog\u00eda - Prevenci\u00f3n de la dependencia","description":"\u00bfBuscas un Gabinete de Psicolog\u00eda especializado en el Tratamiento de la Dependencia? En Avanza, Gabinete de Psicolog\u00eda en Colmenar Viejo, podemos ayudarte.","robots":{"index":"index","follow":"follow","max-snippet":"max-snippet:-1","max-image-preview":"max-image-preview:large","max-video-preview":"max-video-preview:-1"},"canonical":"https:\/\/www.psicologiacolmenar.es\/psicologo\/prevencion-de-la-dependencia\/","og_locale":"es_ES","og_type":"article","og_title":"Prevenci\u00f3n de la dependencia","og_description":"La prevenci\u00f3n de la dependencia La mayor parte de las actuaciones preventivas est\u00e1n destinadas a mantener la autonom\u00eda personal y la capacidad funcional,","og_url":"https:\/\/www.psicologiacolmenar.es\/psicologo\/prevencion-de-la-dependencia\/","og_site_name":"Psicologos en Colmenar Viejo Madrid","article_publisher":"https:\/\/www.facebook.com\/psicologocolmenar\/","article_published_time":"2018-05-31T10:31:34+00:00","article_modified_time":"2018-12-21T10:43:17+00:00","og_image":[{"width":696,"height":464,"url":"https:\/\/www.psicologiacolmenar.es\/psicologo\/wp-content\/uploads\/2018\/05\/evejecimiento-activo.2.jpg","type":"image\/jpeg"}],"author":"Psicologo Colmenar Viejo","twitter_card":"summary_large_image","twitter_creator":"@jmsanmartinps1","twitter_site":"@jmsanmartinps1","twitter_misc":{"Escrito por":"Psicologo Colmenar Viejo","Tiempo de lectura":"3 minutos"},"schema":{"@context":"https:\/\/schema.org","@graph":[{"@type":"Article","@id":"https:\/\/www.psicologiacolmenar.es\/psicologo\/prevencion-de-la-dependencia\/#article","isPartOf":{"@id":"https:\/\/www.psicologiacolmenar.es\/psicologo\/prevencion-de-la-dependencia\/"},"author":{"name":"Psicologo Colmenar Viejo","@id":"https:\/\/www.psicologiacolmenar.es\/psicologo\/#\/schema\/person\/c14b55b6ab94baa638c4e455b0f5efcd"},"headline":"Prevenci\u00f3n de la dependencia","datePublished":"2018-05-31T10:31:34+00:00","dateModified":"2018-12-21T10:43:17+00:00","mainEntityOfPage":{"@id":"https:\/\/www.psicologiacolmenar.es\/psicologo\/prevencion-de-la-dependencia\/"},"wordCount":646,"commentCount":0,"image":{"@id":"https:\/\/www.psicologiacolmenar.es\/psicologo\/prevencion-de-la-dependencia\/#primaryimage"},"thumbnailUrl":"https:\/\/www.psicologiacolmenar.es\/psicologo\/wp-content\/uploads\/2018\/05\/evejecimiento-activo.2.jpg","keywords":["actividades basicas de la vida diaria","autonomia","ca\u00eddas","dependencia","enfermedades cardiovasculares","envejecimiento activo","mayores","prevenci\u00f3n"],"articleSection":["FAMILIA","TERCERA EDAD"],"inLanguage":"es","potentialAction":[{"@type":"CommentAction","name":"Comment","target":["https:\/\/www.psicologiacolmenar.es\/psicologo\/prevencion-de-la-dependencia\/#respond"]}]},{"@type":"WebPage","@id":"https:\/\/www.psicologiacolmenar.es\/psicologo\/prevencion-de-la-dependencia\/","url":"https:\/\/www.psicologiacolmenar.es\/psicologo\/prevencion-de-la-dependencia\/","name":"Avanza Gabinete de Psicolog\u00eda - Prevenci\u00f3n de la dependencia","isPartOf":{"@id":"https:\/\/www.psicologiacolmenar.es\/psicologo\/#website"},"primaryImageOfPage":{"@id":"https:\/\/www.psicologiacolmenar.es\/psicologo\/prevencion-de-la-dependencia\/#primaryimage"},"image":{"@id":"https:\/\/www.psicologiacolmenar.es\/psicologo\/prevencion-de-la-dependencia\/#primaryimage"},"thumbnailUrl":"https:\/\/www.psicologiacolmenar.es\/psicologo\/wp-content\/uploads\/2018\/05\/evejecimiento-activo.2.jpg","datePublished":"2018-05-31T10:31:34+00:00","dateModified":"2018-12-21T10:43:17+00:00","author":{"@id":"https:\/\/www.psicologiacolmenar.es\/psicologo\/#\/schema\/person\/c14b55b6ab94baa638c4e455b0f5efcd"},"description":"\u00bfBuscas un Gabinete de Psicolog\u00eda especializado en el Tratamiento de la Dependencia? En Avanza, Gabinete de Psicolog\u00eda en Colmenar Viejo, podemos ayudarte.","breadcrumb":{"@id":"https:\/\/www.psicologiacolmenar.es\/psicologo\/prevencion-de-la-dependencia\/#breadcrumb"},"inLanguage":"es","potentialAction":[{"@type":"ReadAction","target":["https:\/\/www.psicologiacolmenar.es\/psicologo\/prevencion-de-la-dependencia\/"]}]},{"@type":"ImageObject","inLanguage":"es","@id":"https:\/\/www.psicologiacolmenar.es\/psicologo\/prevencion-de-la-dependencia\/#primaryimage","url":"https:\/\/www.psicologiacolmenar.es\/psicologo\/wp-content\/uploads\/2018\/05\/evejecimiento-activo.2.jpg","contentUrl":"https:\/\/www.psicologiacolmenar.es\/psicologo\/wp-content\/uploads\/2018\/05\/evejecimiento-activo.2.jpg","width":696,"height":464,"caption":"Avanza Gabinete de Psicolog\u00eda - Prevenci\u00f3n de la Dependencia"},{"@type":"BreadcrumbList","@id":"https:\/\/www.psicologiacolmenar.es\/psicologo\/prevencion-de-la-dependencia\/#breadcrumb","itemListElement":[{"@type":"ListItem","position":1,"name":"Portada","item":"https:\/\/www.psicologiacolmenar.es\/psicologo\/"},{"@type":"ListItem","position":2,"name":"Prevenci\u00f3n de la dependencia"}]},{"@type":"WebSite","@id":"https:\/\/www.psicologiacolmenar.es\/psicologo\/#website","url":"https:\/\/www.psicologiacolmenar.es\/psicologo\/","name":"Psicologos en Colmenar Viejo Madrid","description":"Gabinete de psicologos y Centro de psicolog\u00eda en Colmenar Viejo","potentialAction":[{"@type":"SearchAction","target":{"@type":"EntryPoint","urlTemplate":"https:\/\/www.psicologiacolmenar.es\/psicologo\/?s={search_term_string}"},"query-input":{"@type":"PropertyValueSpecification","valueRequired":true,"valueName":"search_term_string"}}],"inLanguage":"es"},{"@type":"Person","@id":"https:\/\/www.psicologiacolmenar.es\/psicologo\/#\/schema\/person\/c14b55b6ab94baa638c4e455b0f5efcd","name":"Psicologo Colmenar Viejo","url":"https:\/\/www.psicologiacolmenar.es\/psicologo\/author\/psicologo-colmenar-viejo\/"}]}},"_links":{"self":[{"href":"https:\/\/www.psicologiacolmenar.es\/psicologo\/wp-json\/wp\/v2\/posts\/944","targetHints":{"allow":["GET"]}}],"collection":[{"href":"https:\/\/www.psicologiacolmenar.es\/psicologo\/wp-json\/wp\/v2\/posts"}],"about":[{"href":"https:\/\/www.psicologiacolmenar.es\/psicologo\/wp-json\/wp\/v2\/types\/post"}],"author":[{"embeddable":true,"href":"https:\/\/www.psicologiacolmenar.es\/psicologo\/wp-json\/wp\/v2\/users\/2"}],"replies":[{"embeddable":true,"href":"https:\/\/www.psicologiacolmenar.es\/psicologo\/wp-json\/wp\/v2\/comments?post=944"}],"version-history":[{"count":3,"href":"https:\/\/www.psicologiacolmenar.es\/psicologo\/wp-json\/wp\/v2\/posts\/944\/revisions"}],"predecessor-version":[{"id":1097,"href":"https:\/\/www.psicologiacolmenar.es\/psicologo\/wp-json\/wp\/v2\/posts\/944\/revisions\/1097"}],"wp:featuredmedia":[{"embeddable":true,"href":"https:\/\/www.psicologiacolmenar.es\/psicologo\/wp-json\/wp\/v2\/media\/945"}],"wp:attachment":[{"href":"https:\/\/www.psicologiacolmenar.es\/psicologo\/wp-json\/wp\/v2\/media?parent=944"}],"wp:term":[{"taxonomy":"category","embeddable":true,"href":"https:\/\/www.psicologiacolmenar.es\/psicologo\/wp-json\/wp\/v2\/categories?post=944"},{"taxonomy":"post_tag","embeddable":true,"href":"https:\/\/www.psicologiacolmenar.es\/psicologo\/wp-json\/wp\/v2\/tags?post=944"}],"curies":[{"name":"wp","href":"https:\/\/api.w.org\/{rel}","templated":true}]}}